{"id":4291,"date":"2026-02-20T16:17:15","date_gmt":"2026-02-20T15:17:15","guid":{"rendered":"https:\/\/agora.xtec.cat\/escguillemisarn\/?p=4291"},"modified":"2026-02-20T16:17:15","modified_gmt":"2026-02-20T15:17:15","slug":"carnaval-a-lescola-2","status":"publish","type":"post","link":"https:\/\/agora.xtec.cat\/escguillemisarn\/general\/carnaval-a-lescola-2\/","title":{"rendered":"Carnaval a l&#8217;escola!"},"content":{"rendered":"<h3 data-start=\"163\" data-end=\"222\"><a href=\"https:\/\/agora.xtec.cat\/escguillemisarn\/wp-content\/uploads\/usu1631\/2026\/02\/Dibujos-carnaval-978x652-1.jpg\"><img loading=\"lazy\" decoding=\"async\" class=\" wp-image-4292 alignleft\" src=\"https:\/\/agora.xtec.cat\/escguillemisarn\/wp-content\/uploads\/usu1631\/2026\/02\/Dibujos-carnaval-978x652-1.jpg\" alt=\"\" width=\"417\" height=\"278\" srcset=\"https:\/\/agora.xtec.cat\/escguillemisarn\/wp-content\/uploads\/usu1631\/2026\/02\/Dibujos-carnaval-978x652-1.jpg 978w, https:\/\/agora.xtec.cat\/escguillemisarn\/wp-content\/uploads\/usu1631\/2026\/02\/Dibujos-carnaval-978x652-1-300x200.jpg 300w, https:\/\/agora.xtec.cat\/escguillemisarn\/wp-content\/uploads\/usu1631\/2026\/02\/Dibujos-carnaval-978x652-1-768x512.jpg 768w\" sizes=\"auto, (max-width: 417px) 100vw, 417px\" \/><\/a>El Carnaval omple l\u2019escola de colors i cultures del m\u00f3n<\/h3>\n<p data-start=\"224\" data-end=\"542\">Aquesta setmana l\u2019escola s\u2019ha omplert d\u2019alegria, creativitat i molta imaginaci\u00f3 amb la celebraci\u00f3 del Carnaval. Tant l\u2019alumnat com l\u2019equip docent hem participat activament en una setmana molt especial, venint cada dia amb diferents complements i elements divertits que han anat escalfant motors fins al gran dia final.<\/p>\n<p data-start=\"544\" data-end=\"897\">Avui divendres ha arribat el moment m\u00e9s esperat: <strong data-start=\"593\" data-end=\"639\">el dia de venir disfressats de dalt a baix<\/strong>. Enguany, les disfresses han estat estretament lligades al projecte interdisciplinari de l\u2019escola, <em data-start=\"739\" data-end=\"757\">Cultures del m\u00f3n<\/em>, fet que ha convertit els passadissos i el pati en un aut\u00e8ntic viatge cultural ple de colors, tradicions i vestimentes d\u2019arreu del planeta.<\/p>\n<p data-start=\"899\" data-end=\"1328\">Durant tot el dia, grans i petits hem llu\u00eft les nostres disfresses amb orgull i bon humor. A la tarda, la celebraci\u00f3 ha culminat amb <strong data-start=\"1032\" data-end=\"1067\">la gran desfilada de disfresses<\/strong>, un dels moments m\u00e9s esperats, on tothom ha pogut mostrar la seva creativitat. Tot seguit, ha tingut lloc <strong data-start=\"1174\" data-end=\"1218\">el judici final de la Reina Carnestoltes<\/strong>, que, tal com marca la tradici\u00f3, ha estat declarada culpable per no haver complert cap dels seus compromisos.<\/p>\n<p data-start=\"1330\" data-end=\"1497\">Per acabar la jornada, hem ballat tots plegats <strong data-start=\"1377\" data-end=\"1400\">a ritme de disbauxa<\/strong>, posant el punt final a una tarda ben entretinguda, plena de rialles, m\u00fasica i esperit de festa.<\/p>\n<p data-start=\"1499\" data-end=\"1624\">Us convidem a reviure aquests moments tan especials a trav\u00e9s de les fotografies del dia, que podeu trobar a l\u2019enlla\u00e7 seg\u00fcent:<\/p>\n<p data-start=\"1626\" data-end=\"1664\">\ud83d\udc49\u00a0<a href=\"https:\/\/photos.app.goo.gl\/RRhj5FhYpjZR72Vw7\">https:\/\/photos.app.goo.gl\/RRhj5FhYpjZR72Vw7<\/a><\/p>\n<p data-start=\"1666\" data-end=\"1754\">Gr\u00e0cies a tothom per la participaci\u00f3 i per fer del Carnaval una celebraci\u00f3 tan especial!<\/p>\n","protected":false},"excerpt":{"rendered":"<p><a href=\"https:\/\/agora.xtec.cat\/escguillemisarn\/wp-content\/uploads\/usu1631\/2026\/02\/Dibujos-carnaval-978x652-1.jpg\"><\/a>El Carnaval omple l\u2019escola de colors i cultures del m\u00f3n<br \/>\nAquesta setmana l\u2019escola s\u2019ha omplert d\u2019alegria, creativitat i molta imaginaci\u00f3 amb la celebraci\u00f3 del Carnaval. Tant l\u2019alumnat com l\u2019equip docent hem participat activament en una setmana molt especial, venint cada dia amb diferents complements i&hellip;  <a href=\"https:\/\/agora.xtec.cat\/escguillemisarn\/general\/carnaval-a-lescola-2\/\" title=\"Read Carnaval a l&#8217;escola!\">Llegeix m\u00e9s\u00bb<\/a><\/p>\n","protected":false},"author":1,"featured_media":0,"comment_status":"open","ping_status":"open","sticky":false,"template":"","format":"standard","meta":{"_bbp_topic_count":0,"_bbp_reply_count":0,"_bbp_total_topic_count":0,"_bbp_total_reply_count":0,"_bbp_voice_count":0,"_bbp_anonymous_reply_count":0,"_bbp_topic_count_hidden":0,"_bbp_reply_count_hidden":0,"_bbp_forum_subforum_count":0,"footnotes":""},"categories":[71,72,73,1,2,4,5],"tags":[],"class_list":["post-4291","post","type-post","status-publish","format-standard","hentry","category-ci","category-cm","category-cs","category-general","category-infantil","category-portada","category-primaria"],"post_mailing_queue_ids":[],"_links":{"self":[{"href":"https:\/\/agora.xtec.cat\/escguillemisarn\/wp-json\/wp\/v2\/posts\/4291","targetHints":{"allow":["GET"]}}],"collection":[{"href":"https:\/\/agora.xtec.cat\/escguillemisarn\/wp-json\/wp\/v2\/posts"}],"about":[{"href":"https:\/\/agora.xtec.cat\/escguillemisarn\/wp-json\/wp\/v2\/types\/post"}],"author":[{"embeddable":true,"href":"https:\/\/agora.xtec.cat\/escguillemisarn\/wp-json\/wp\/v2\/users\/1"}],"replies":[{"embeddable":true,"href":"https:\/\/agora.xtec.cat\/escguillemisarn\/wp-json\/wp\/v2\/comments?post=4291"}],"version-history":[{"count":1,"href":"https:\/\/agora.xtec.cat\/escguillemisarn\/wp-json\/wp\/v2\/posts\/4291\/revisions"}],"predecessor-version":[{"id":4293,"href":"https:\/\/agora.xtec.cat\/escguillemisarn\/wp-json\/wp\/v2\/posts\/4291\/revisions\/4293"}],"wp:attachment":[{"href":"https:\/\/agora.xtec.cat\/escguillemisarn\/wp-json\/wp\/v2\/media?parent=4291"}],"wp:term":[{"taxonomy":"category","embeddable":true,"href":"https:\/\/agora.xtec.cat\/escguillemisarn\/wp-json\/wp\/v2\/categories?post=4291"},{"taxonomy":"post_tag","embeddable":true,"href":"https:\/\/agora.xtec.cat\/escguillemisarn\/wp-json\/wp\/v2\/tags?post=4291"}],"curies":[{"name":"wp","href":"https:\/\/api.w.org\/{rel}","templated":true}]}}