{"id":4277,"date":"2026-02-13T14:58:01","date_gmt":"2026-02-13T13:58:01","guid":{"rendered":"https:\/\/agora.xtec.cat\/escguillemisarn\/?p=4277"},"modified":"2026-02-13T14:58:01","modified_gmt":"2026-02-13T13:58:01","slug":"arribada-de-la-reina-carnestoltes","status":"publish","type":"post","link":"https:\/\/agora.xtec.cat\/escguillemisarn\/general\/arribada-de-la-reina-carnestoltes\/","title":{"rendered":"Arribada de la Reina Carnestoltes"},"content":{"rendered":"<p><a href=\"https:\/\/agora.xtec.cat\/escguillemisarn\/wp-content\/uploads\/usu1631\/2026\/02\/Captura-de-pantalla-2026-02-13-145332.png\"><img loading=\"lazy\" decoding=\"async\" class=\"wp-image-4278 alignleft\" src=\"https:\/\/agora.xtec.cat\/escguillemisarn\/wp-content\/uploads\/usu1631\/2026\/02\/Captura-de-pantalla-2026-02-13-145332.png\" alt=\"\" width=\"379\" height=\"242\" srcset=\"https:\/\/agora.xtec.cat\/escguillemisarn\/wp-content\/uploads\/usu1631\/2026\/02\/Captura-de-pantalla-2026-02-13-145332.png 670w, https:\/\/agora.xtec.cat\/escguillemisarn\/wp-content\/uploads\/usu1631\/2026\/02\/Captura-de-pantalla-2026-02-13-145332-300x192.png 300w\" sizes=\"auto, (max-width: 379px) 100vw, 379px\" \/><\/a><\/p>\n<p data-start=\"0\" data-end=\"141\">Avui a l\u2019<strong data-start=\"9\" data-end=\"50\"><span class=\"hover:entity-accent entity-underline inline cursor-pointer align-baseline\"><span class=\"whitespace-normal\">Escola Guillem Isarn<\/span><\/span><\/strong> hem viscut un dels moments m\u00e9s esperats del curs: <strong data-start=\"101\" data-end=\"141\">l\u2019arribada de la Reina Carnestoltes!<\/strong><\/p>\n<p data-start=\"143\" data-end=\"383\">Ha estat tot un honor per a l\u2019alumnat i el professorat rebre Sa Majestat a la nostra escola. Amb molta alegria, m\u00fasica i emoci\u00f3, la Reina Carnestoltes ens ha donat la benvinguda oficial al Carnaval i ha omplert el gimn\u00e0s de gresca i xerinola.<\/p>\n<p data-start=\"385\" data-end=\"763\">Durant l\u2019acte, Sa Majestat ha llegit les peticions que les diferents aules havien preparat amb tanta il\u00b7lusi\u00f3. Cada grup ha pogut expressar els seus desitjos i propostes per fer d\u2019aquesta setmana una celebraci\u00f3 inoblidable. A m\u00e9s, la Reina tamb\u00e9 ens ha comunicat les consignes que haurem de seguir al llarg de la setmana vinent perqu\u00e8 totes aquestes peticions es facin realitat.<\/p>\n<p data-start=\"765\" data-end=\"964\">Ara ens toca a tots i totes fer-li cas! Estem segurs que l\u2019alumnat demostrar\u00e0, un any m\u00e9s, la seva creativitat, imaginaci\u00f3 i esperit festiu complint les indicacions de la Reina Carnestoltes cada dia.<\/p>\n<p data-start=\"966\" data-end=\"1037\">Ens espera una setmana plena de sorpreses, disfresses i molta diversi\u00f3!<\/p>\n<p data-start=\"1039\" data-end=\"1124\">\ud83d\udcf8 Adjuntem algunes fotos de l\u2019acte perqu\u00e8 pugueu reviure aquest moment tan especial:\u00a0<a href=\"https:\/\/photos.app.goo.gl\/go8ZWFV6UQ7UPa11A\">https:\/\/photos.app.goo.gl\/go8ZWFV6UQ7UPa11A<\/a><\/p>\n<p data-start=\"1126\" data-end=\"1147\" data-is-last-node=\"\" data-is-only-node=\"\">Visca el Carnaval! \ud83c\udfad<\/p>\n<p>&nbsp;<\/p>\n","protected":false},"excerpt":{"rendered":"<p><a href=\"https:\/\/agora.xtec.cat\/escguillemisarn\/wp-content\/uploads\/usu1631\/2026\/02\/Captura-de-pantalla-2026-02-13-145332.png\"><\/a><br \/>\nAvui a l\u2019Escola Guillem Isarn hem viscut un dels moments m\u00e9s esperats del curs: l\u2019arribada de la Reina Carnestoltes!<br \/>\nHa estat tot un honor per a l\u2019alumnat i el professorat rebre Sa Majestat a la nostra escola. Amb molta alegria, m\u00fasica i emoci\u00f3, la Reina&hellip;  <a href=\"https:\/\/agora.xtec.cat\/escguillemisarn\/general\/arribada-de-la-reina-carnestoltes\/\" title=\"Read Arribada de la Reina Carnestoltes\">Llegeix m\u00e9s\u00bb<\/a><\/p>\n","protected":false},"author":1,"featured_media":0,"comment_status":"open","ping_status":"open","sticky":false,"template":"","format":"standard","meta":{"_bbp_topic_count":0,"_bbp_reply_count":0,"_bbp_total_topic_count":0,"_bbp_total_reply_count":0,"_bbp_voice_count":0,"_bbp_anonymous_reply_count":0,"_bbp_topic_count_hidden":0,"_bbp_reply_count_hidden":0,"_bbp_forum_subforum_count":0,"footnotes":""},"categories":[71,72,73,1,2,4,5],"tags":[],"class_list":["post-4277","post","type-post","status-publish","format-standard","hentry","category-ci","category-cm","category-cs","category-general","category-infantil","category-portada","category-primaria"],"post_mailing_queue_ids":[],"_links":{"self":[{"href":"https:\/\/agora.xtec.cat\/escguillemisarn\/wp-json\/wp\/v2\/posts\/4277","targetHints":{"allow":["GET"]}}],"collection":[{"href":"https:\/\/agora.xtec.cat\/escguillemisarn\/wp-json\/wp\/v2\/posts"}],"about":[{"href":"https:\/\/agora.xtec.cat\/escguillemisarn\/wp-json\/wp\/v2\/types\/post"}],"author":[{"embeddable":true,"href":"https:\/\/agora.xtec.cat\/escguillemisarn\/wp-json\/wp\/v2\/users\/1"}],"replies":[{"embeddable":true,"href":"https:\/\/agora.xtec.cat\/escguillemisarn\/wp-json\/wp\/v2\/comments?post=4277"}],"version-history":[{"count":1,"href":"https:\/\/agora.xtec.cat\/escguillemisarn\/wp-json\/wp\/v2\/posts\/4277\/revisions"}],"predecessor-version":[{"id":4279,"href":"https:\/\/agora.xtec.cat\/escguillemisarn\/wp-json\/wp\/v2\/posts\/4277\/revisions\/4279"}],"wp:attachment":[{"href":"https:\/\/agora.xtec.cat\/escguillemisarn\/wp-json\/wp\/v2\/media?parent=4277"}],"wp:term":[{"taxonomy":"category","embeddable":true,"href":"https:\/\/agora.xtec.cat\/escguillemisarn\/wp-json\/wp\/v2\/categories?post=4277"},{"taxonomy":"post_tag","embeddable":true,"href":"https:\/\/agora.xtec.cat\/escguillemisarn\/wp-json\/wp\/v2\/tags?post=4277"}],"curies":[{"name":"wp","href":"https:\/\/api.w.org\/{rel}","templated":true}]}}