{"id":4273,"date":"2026-02-06T12:23:55","date_gmt":"2026-02-06T11:23:55","guid":{"rendered":"https:\/\/agora.xtec.cat\/escguillemisarn\/?p=4273"},"modified":"2026-02-06T12:23:55","modified_gmt":"2026-02-06T11:23:55","slug":"semifinal-del-certamen-de-lectura-en-veu-alta","status":"publish","type":"post","link":"https:\/\/agora.xtec.cat\/escguillemisarn\/general\/semifinal-del-certamen-de-lectura-en-veu-alta\/","title":{"rendered":"Semifinal del Certamen de Lectura en Veu Alta"},"content":{"rendered":"<p><a href=\"https:\/\/agora.xtec.cat\/escguillemisarn\/wp-content\/uploads\/usu1631\/2026\/02\/images.jpg\"><img loading=\"lazy\" decoding=\"async\" class=\"size-full wp-image-4274 alignleft\" src=\"https:\/\/agora.xtec.cat\/escguillemisarn\/wp-content\/uploads\/usu1631\/2026\/02\/images.jpg\" alt=\"\" width=\"225\" height=\"225\" srcset=\"https:\/\/agora.xtec.cat\/escguillemisarn\/wp-content\/uploads\/usu1631\/2026\/02\/images.jpg 225w, https:\/\/agora.xtec.cat\/escguillemisarn\/wp-content\/uploads\/usu1631\/2026\/02\/images-150x150.jpg 150w\" sizes=\"auto, (max-width: 225px) 100vw, 225px\" \/><\/a><\/p>\n<p data-start=\"0\" data-end=\"70\"><strong data-start=\"0\" data-end=\"70\">L\u2019Escola Guillem Isarn, present al Certamen de Lectura en Veu Alta<\/strong><\/p>\n<p data-start=\"72\" data-end=\"318\">A l\u2019Escola Guillem Isarn de La Fuliola estem molt orgullosos de la participaci\u00f3 del nostre alumnat al <strong data-start=\"174\" data-end=\"209\">Certamen de Lectura en Veu Alta<\/strong>, una iniciativa que t\u00e9 com a objectiu estimular i fomentar el gust per la lectura entre els infants i joves.<\/p>\n<p data-start=\"320\" data-end=\"700\">Enguany, el Nil Llurba, alumne de cicle mitj\u00e0, i la N\u00faria Monrab\u00e0, alumna de cicle superior, han representat la nostra escola a les semifinals del certamen, celebrades al Teatre Ateneu de T\u00e0rrega. Amb il\u00b7lusi\u00f3, esfor\u00e7 i molta dedicaci\u00f3, tots dos han demostrat no nom\u00e9s una bona compet\u00e8ncia lectora, sin\u00f3 tamb\u00e9 seguretat, sensibilitat i amor pels llibres.<\/p>\n<p data-start=\"702\" data-end=\"1045\">Volem fer un reconeixement especial a la feina feta pel Nil i la N\u00faria. Arribar fins a les semifinals \u00e9s fruit de la const\u00e0ncia, del treball a l\u2019aula i de les ganes de superar-se dia a dia. Experi\u00e8ncies com aquesta ajuden a cr\u00e9ixer personalment, a guanyar confian\u00e7a i a descobrir el poder de la lectura com a eina d\u2019expressi\u00f3 i de coneixement.<\/p>\n<p data-start=\"1047\" data-end=\"1189\" data-is-last-node=\"\" data-is-only-node=\"\">Felicitats, Nil i N\u00faria, per portar el nom de la nostra escola amb tant d\u2019orgull. Sou un gran exemple per a tots els companys i companyes! \ud83d\udcda\u2728 <strong>I enhorabona, Nil, per passar a la seg\u00fcent fase!<\/strong><\/p>\n<p data-start=\"1047\" data-end=\"1189\" data-is-last-node=\"\" data-is-only-node=\"\">Si voleu veure algunes fotografies del Certamen, us les deixem aqu\u00ed:\u00a0<a href=\"https:\/\/photos.app.goo.gl\/3w9UieXvF5C8kH72A\">https:\/\/photos.app.goo.gl\/3w9UieXvF5C8kH72A<\/a><\/p>\n","protected":false},"excerpt":{"rendered":"<p><a href=\"https:\/\/agora.xtec.cat\/escguillemisarn\/wp-content\/uploads\/usu1631\/2026\/02\/images.jpg\"><\/a><br \/>\nL\u2019Escola Guillem Isarn, present al Certamen de Lectura en Veu Alta<br \/>\nA l\u2019Escola Guillem Isarn de La Fuliola estem molt orgullosos de la participaci\u00f3 del nostre alumnat al Certamen de Lectura en Veu Alta, una iniciativa que t\u00e9 com a objectiu estimular i fomentar el&hellip;  <a href=\"https:\/\/agora.xtec.cat\/escguillemisarn\/general\/semifinal-del-certamen-de-lectura-en-veu-alta\/\" title=\"Read Semifinal del Certamen de Lectura en Veu Alta\">Llegeix m\u00e9s\u00bb<\/a><\/p>\n","protected":false},"author":1,"featured_media":0,"comment_status":"open","ping_status":"open","sticky":false,"template":"","format":"standard","meta":{"_bbp_topic_count":0,"_bbp_reply_count":0,"_bbp_total_topic_count":0,"_bbp_total_reply_count":0,"_bbp_voice_count":0,"_bbp_anonymous_reply_count":0,"_bbp_topic_count_hidden":0,"_bbp_reply_count_hidden":0,"_bbp_forum_subforum_count":0,"footnotes":""},"categories":[72,73,79,1,4,5],"tags":[],"class_list":["post-4273","post","type-post","status-publish","format-standard","hentry","category-cm","category-cs","category-foment-de-la-lectura","category-general","category-portada","category-primaria"],"post_mailing_queue_ids":[],"_links":{"self":[{"href":"https:\/\/agora.xtec.cat\/escguillemisarn\/wp-json\/wp\/v2\/posts\/4273","targetHints":{"allow":["GET"]}}],"collection":[{"href":"https:\/\/agora.xtec.cat\/escguillemisarn\/wp-json\/wp\/v2\/posts"}],"about":[{"href":"https:\/\/agora.xtec.cat\/escguillemisarn\/wp-json\/wp\/v2\/types\/post"}],"author":[{"embeddable":true,"href":"https:\/\/agora.xtec.cat\/escguillemisarn\/wp-json\/wp\/v2\/users\/1"}],"replies":[{"embeddable":true,"href":"https:\/\/agora.xtec.cat\/escguillemisarn\/wp-json\/wp\/v2\/comments?post=4273"}],"version-history":[{"count":2,"href":"https:\/\/agora.xtec.cat\/escguillemisarn\/wp-json\/wp\/v2\/posts\/4273\/revisions"}],"predecessor-version":[{"id":4276,"href":"https:\/\/agora.xtec.cat\/escguillemisarn\/wp-json\/wp\/v2\/posts\/4273\/revisions\/4276"}],"wp:attachment":[{"href":"https:\/\/agora.xtec.cat\/escguillemisarn\/wp-json\/wp\/v2\/media?parent=4273"}],"wp:term":[{"taxonomy":"category","embeddable":true,"href":"https:\/\/agora.xtec.cat\/escguillemisarn\/wp-json\/wp\/v2\/categories?post=4273"},{"taxonomy":"post_tag","embeddable":true,"href":"https:\/\/agora.xtec.cat\/escguillemisarn\/wp-json\/wp\/v2\/tags?post=4273"}],"curies":[{"name":"wp","href":"https:\/\/api.w.org\/{rel}","templated":true}]}}