{"id":4270,"date":"2026-02-04T10:57:29","date_gmt":"2026-02-04T09:57:29","guid":{"rendered":"https:\/\/agora.xtec.cat\/escguillemisarn\/?p=4270"},"modified":"2026-02-04T10:59:28","modified_gmt":"2026-02-04T09:59:28","slug":"els-secrets-de-la-missio-apilo-xii-2","status":"publish","type":"post","link":"https:\/\/agora.xtec.cat\/escguillemisarn\/general\/els-secrets-de-la-missio-apilo-xii-2\/","title":{"rendered":"ELS SECRETS DE LA MISSI\u00d3 APILO XII"},"content":{"rendered":"<p><a href=\"https:\/\/agora.xtec.cat\/escguillemisarn\/wp-content\/uploads\/usu1631\/2026\/02\/monstruo.png\"><br \/>\n<img loading=\"lazy\" decoding=\"async\" class=\"wp-image-4271 alignleft\" src=\"https:\/\/agora.xtec.cat\/escguillemisarn\/wp-content\/uploads\/usu1631\/2026\/02\/monstruo.png\" alt=\"\" width=\"126\" height=\"187\" \/><\/a>Ahir els nens i nenes d&#8217;I4 i d&#8217;I5 vam tenir una visita molt especial, la d&#8217;en Pil\u00f3s i en Marc. A trav\u00e9s d&#8217;una hist\u00f2ria on ells s\u00f3n els protagonistes, ens van ensenyar la import\u00e0ncia de reciclar les piles per cuidar el nostre planeta.<\/p>\n<p>Nens i nenes, benvinguts a la missi\u00f3 Apilo!<\/p>\n<p><a href=\"https:\/\/photos.app.goo.gl\/TnAdfFNyEuVfzUo76\">https:\/\/photos.app.goo.gl\/TnAdfFNyEuVfzUo76<\/a><\/p>\n","protected":false},"excerpt":{"rendered":"<p><a href=\"https:\/\/agora.xtec.cat\/escguillemisarn\/wp-content\/uploads\/usu1631\/2026\/02\/monstruo.png\"><br \/>\n<\/a>Ahir els nens i nenes d&#8217;I4 i d&#8217;I5 vam tenir una visita molt especial, la d&#8217;en Pil\u00f3s i en Marc. A trav\u00e9s d&#8217;una hist\u00f2ria on ells s\u00f3n els protagonistes, ens van ensenyar la import\u00e0ncia de reciclar les piles per cuidar el nostre planeta.<br \/>\nNens i&hellip;  <a href=\"https:\/\/agora.xtec.cat\/escguillemisarn\/general\/els-secrets-de-la-missio-apilo-xii-2\/\" title=\"Read ELS SECRETS DE LA MISSI\u00d3 APILO XII\">Llegeix m\u00e9s\u00bb<\/a><\/p>\n","protected":false},"author":14,"featured_media":0,"comment_status":"open","ping_status":"open","sticky":false,"template":"","format":"standard","meta":{"_bbp_topic_count":0,"_bbp_reply_count":0,"_bbp_total_topic_count":0,"_bbp_total_reply_count":0,"_bbp_voice_count":0,"_bbp_anonymous_reply_count":0,"_bbp_topic_count_hidden":0,"_bbp_reply_count_hidden":0,"_bbp_forum_subforum_count":0,"footnotes":""},"categories":[77,1,2,4],"tags":[],"class_list":["post-4270","post","type-post","status-publish","format-standard","hentry","category-escola-verda","category-general","category-infantil","category-portada"],"post_mailing_queue_ids":[],"_links":{"self":[{"href":"https:\/\/agora.xtec.cat\/escguillemisarn\/wp-json\/wp\/v2\/posts\/4270","targetHints":{"allow":["GET"]}}],"collection":[{"href":"https:\/\/agora.xtec.cat\/escguillemisarn\/wp-json\/wp\/v2\/posts"}],"about":[{"href":"https:\/\/agora.xtec.cat\/escguillemisarn\/wp-json\/wp\/v2\/types\/post"}],"author":[{"embeddable":true,"href":"https:\/\/agora.xtec.cat\/escguillemisarn\/wp-json\/wp\/v2\/users\/14"}],"replies":[{"embeddable":true,"href":"https:\/\/agora.xtec.cat\/escguillemisarn\/wp-json\/wp\/v2\/comments?post=4270"}],"version-history":[{"count":1,"href":"https:\/\/agora.xtec.cat\/escguillemisarn\/wp-json\/wp\/v2\/posts\/4270\/revisions"}],"predecessor-version":[{"id":4272,"href":"https:\/\/agora.xtec.cat\/escguillemisarn\/wp-json\/wp\/v2\/posts\/4270\/revisions\/4272"}],"wp:attachment":[{"href":"https:\/\/agora.xtec.cat\/escguillemisarn\/wp-json\/wp\/v2\/media?parent=4270"}],"wp:term":[{"taxonomy":"category","embeddable":true,"href":"https:\/\/agora.xtec.cat\/escguillemisarn\/wp-json\/wp\/v2\/categories?post=4270"},{"taxonomy":"post_tag","embeddable":true,"href":"https:\/\/agora.xtec.cat\/escguillemisarn\/wp-json\/wp\/v2\/tags?post=4270"}],"curies":[{"name":"wp","href":"https:\/\/api.w.org\/{rel}","templated":true}]}}