{"id":4267,"date":"2026-01-30T15:44:02","date_gmt":"2026-01-30T14:44:02","guid":{"rendered":"https:\/\/agora.xtec.cat\/escguillemisarn\/?p=4267"},"modified":"2026-01-30T15:44:02","modified_gmt":"2026-01-30T14:44:02","slug":"dia-escolar-de-la-no-violencia-i-la-pau-denip-2","status":"publish","type":"post","link":"https:\/\/agora.xtec.cat\/escguillemisarn\/general\/dia-escolar-de-la-no-violencia-i-la-pau-denip-2\/","title":{"rendered":"Dia Escolar de la No viol\u00e8ncia i la Pau (DENIP)"},"content":{"rendered":"<p><a href=\"https:\/\/agora.xtec.cat\/escguillemisarn\/wp-content\/uploads\/usu1631\/2026\/01\/WhatsApp-Image-2026-01-30-at-15.32.36-1.jpeg\"><img loading=\"lazy\" decoding=\"async\" class=\"wp-image-4268 alignleft\" src=\"https:\/\/agora.xtec.cat\/escguillemisarn\/wp-content\/uploads\/usu1631\/2026\/01\/WhatsApp-Image-2026-01-30-at-15.32.36-1-1024x768.jpeg\" alt=\"\" width=\"364\" height=\"274\" srcset=\"https:\/\/agora.xtec.cat\/escguillemisarn\/wp-content\/uploads\/usu1631\/2026\/01\/WhatsApp-Image-2026-01-30-at-15.32.36-1-1024x768.jpeg 1024w, https:\/\/agora.xtec.cat\/escguillemisarn\/wp-content\/uploads\/usu1631\/2026\/01\/WhatsApp-Image-2026-01-30-at-15.32.36-1-300x225.jpeg 300w, https:\/\/agora.xtec.cat\/escguillemisarn\/wp-content\/uploads\/usu1631\/2026\/01\/WhatsApp-Image-2026-01-30-at-15.32.36-1-768x576.jpeg 768w, https:\/\/agora.xtec.cat\/escguillemisarn\/wp-content\/uploads\/usu1631\/2026\/01\/WhatsApp-Image-2026-01-30-at-15.32.36-1-1536x1152.jpeg 1536w, https:\/\/agora.xtec.cat\/escguillemisarn\/wp-content\/uploads\/usu1631\/2026\/01\/WhatsApp-Image-2026-01-30-at-15.32.36-1-200x150.jpeg 200w, https:\/\/agora.xtec.cat\/escguillemisarn\/wp-content\/uploads\/usu1631\/2026\/01\/WhatsApp-Image-2026-01-30-at-15.32.36-1.jpeg 2048w\" sizes=\"auto, (max-width: 364px) 100vw, 364px\" \/><\/a><\/p>\n<h2>Celebrem el Dia Escolar de la No-viol\u00e8ncia i la Pau a l\u2019escola Guillem Isarn<\/h2>\n<p>Avui, 30 de gener, Dia Escolar de la No-viol\u00e8ncia i la Pau (DENIP), a l\u2019escola Guillem Isarn hem viscut una jornada molt especial dedicada a la reflexi\u00f3, el respecte i la conviv\u00e8ncia. Al llarg del dia, tota la comunitat educativa s&#8217;ha implicat en diferents activitats per posar en valor la import\u00e0ncia de la pau i el rebuig de qualsevol forma de viol\u00e8ncia.<\/p>\n<p>Al mat\u00ed, els alumnes de totes les classes han elaborat mans amb missatges sobre la pau, plenes de colors i paraules significatives. Aquestes mans s&#8217;han penjat al Mural de la Pau, que ha omplert el passad\u00eds de l\u2019escola de missatges d\u2019esperan\u00e7a, respecte, empatia i solidaritat.<\/p>\n<p>A la tarda, els alumnes de 6\u00e8 han tingut un paper protagonista amb la lectura del manifest per la pau, un text ple de comprom\u00eds i reflexi\u00f3 que ha convidat a pensar en el nostre paper com a persones i com a ciutadans del m\u00f3n.<\/p>\n<p>Per acabar la jornada, tots i totes plegats hem cantat la can\u00e7\u00f3 de la Pau, una can\u00e7\u00f3 pr\u00f2pia de la nostra escola que ja forma part de la nostra identitat i que simbolitza els valors que volem transmetre cada dia.<\/p>\n<p>Ha estat una celebraci\u00f3 emotiva i significativa que ens recorda que educar en la pau \u00e9s una tasca quotidiana i compartida. Des de l\u2019escola Guillem Isarn continuarem treballant perqu\u00e8 aquests valors siguin presents en el nostre dia a dia.<\/p>\n<p><em>(A continuaci\u00f3, podeu veure un recull d\u2019imatges de la jornada.)\u00a0<a href=\"https:\/\/photos.app.goo.gl\/CtgVsozmykWogGBe9\">https:\/\/photos.app.goo.gl\/CtgVsozmykWogGBe9<\/a>\u00a0<\/em><\/p>\n<p>&nbsp;<\/p>\n","protected":false},"excerpt":{"rendered":"<p><a href=\"https:\/\/agora.xtec.cat\/escguillemisarn\/wp-content\/uploads\/usu1631\/2026\/01\/WhatsApp-Image-2026-01-30-at-15.32.36-1.jpeg\"><\/a><br \/>\nCelebrem el Dia Escolar de la No-viol\u00e8ncia i la Pau a l\u2019escola Guillem Isarn<br \/>\nAvui, 30 de gener, Dia Escolar de la No-viol\u00e8ncia i la Pau (DENIP), a l\u2019escola Guillem Isarn hem viscut una jornada molt especial dedicada a la reflexi\u00f3, el respecte i la&hellip;  <a href=\"https:\/\/agora.xtec.cat\/escguillemisarn\/general\/dia-escolar-de-la-no-violencia-i-la-pau-denip-2\/\" title=\"Read Dia Escolar de la No viol\u00e8ncia i la Pau (DENIP)\">Llegeix m\u00e9s\u00bb<\/a><\/p>\n","protected":false},"author":1,"featured_media":0,"comment_status":"open","ping_status":"open","sticky":false,"template":"","format":"standard","meta":{"_bbp_topic_count":0,"_bbp_reply_count":0,"_bbp_total_topic_count":0,"_bbp_total_reply_count":0,"_bbp_voice_count":0,"_bbp_anonymous_reply_count":0,"_bbp_topic_count_hidden":0,"_bbp_reply_count_hidden":0,"_bbp_forum_subforum_count":0,"footnotes":""},"categories":[71,72,73,1,2,4,5],"tags":[],"class_list":["post-4267","post","type-post","status-publish","format-standard","hentry","category-ci","category-cm","category-cs","category-general","category-infantil","category-portada","category-primaria"],"post_mailing_queue_ids":[],"_links":{"self":[{"href":"https:\/\/agora.xtec.cat\/escguillemisarn\/wp-json\/wp\/v2\/posts\/4267","targetHints":{"allow":["GET"]}}],"collection":[{"href":"https:\/\/agora.xtec.cat\/escguillemisarn\/wp-json\/wp\/v2\/posts"}],"about":[{"href":"https:\/\/agora.xtec.cat\/escguillemisarn\/wp-json\/wp\/v2\/types\/post"}],"author":[{"embeddable":true,"href":"https:\/\/agora.xtec.cat\/escguillemisarn\/wp-json\/wp\/v2\/users\/1"}],"replies":[{"embeddable":true,"href":"https:\/\/agora.xtec.cat\/escguillemisarn\/wp-json\/wp\/v2\/comments?post=4267"}],"version-history":[{"count":1,"href":"https:\/\/agora.xtec.cat\/escguillemisarn\/wp-json\/wp\/v2\/posts\/4267\/revisions"}],"predecessor-version":[{"id":4269,"href":"https:\/\/agora.xtec.cat\/escguillemisarn\/wp-json\/wp\/v2\/posts\/4267\/revisions\/4269"}],"wp:attachment":[{"href":"https:\/\/agora.xtec.cat\/escguillemisarn\/wp-json\/wp\/v2\/media?parent=4267"}],"wp:term":[{"taxonomy":"category","embeddable":true,"href":"https:\/\/agora.xtec.cat\/escguillemisarn\/wp-json\/wp\/v2\/categories?post=4267"},{"taxonomy":"post_tag","embeddable":true,"href":"https:\/\/agora.xtec.cat\/escguillemisarn\/wp-json\/wp\/v2\/tags?post=4267"}],"curies":[{"name":"wp","href":"https:\/\/api.w.org\/{rel}","templated":true}]}}