{"id":4243,"date":"2025-12-20T09:07:29","date_gmt":"2025-12-20T08:07:29","guid":{"rendered":"https:\/\/agora.xtec.cat\/escguillemisarn\/?p=4243"},"modified":"2025-12-20T09:07:29","modified_gmt":"2025-12-20T08:07:29","slug":"fem-cagar-el-tio-a-infantil-i-cicle-inicial","status":"publish","type":"post","link":"https:\/\/agora.xtec.cat\/escguillemisarn\/general\/fem-cagar-el-tio-a-infantil-i-cicle-inicial\/","title":{"rendered":"FEM CAGAR EL TI\u00d3 A INFANTIL I CICLE INICIAL"},"content":{"rendered":"<p data-start=\"280\" data-end=\"407\">Aquest divendres, els nens i nenes d\u2019Educaci\u00f3 Infantil\u00a0 i cicle inicial han viscut un dels moments m\u00e9s esperats del Nadal: <strong data-start=\"385\" data-end=\"406\">la cagada del Ti\u00f3<\/strong>.<\/p>\n<p data-start=\"409\" data-end=\"663\">Despr\u00e9s de dies cuidant-lo i alimentant-lo , el Ti\u00f3 ens ha volgut donar regals. Amb bastons a les mans i moltes ganes, els infants han cantat\u00a0 perqu\u00e8 el Ti\u00f3 fes la seva m\u00e0gia\u2026 i aix\u00ed ha estat!<\/p>\n<p data-start=\"665\" data-end=\"895\">El Ti\u00f3 ha cagat petits regals i sorpreses que han omplert als nens i nenes d\u2019alegria, rialles i emoci\u00f3. Ha estat una activitat molt especial, plena de tradici\u00f3, companyonia i esperit nadalenc, que els infants han gaudit amb entusiasme.<\/p>\n<p data-start=\"897\" data-end=\"1012\">Sens dubte, una experi\u00e8ncia m\u00e0gica que ens ajuda a mantenir vives les tradicions i a compartir moments \u00fanics junts.<\/p>\n<p data-start=\"1014\" data-end=\"1033\">\ud83c\udf85\ud83c\udfb6 <strong data-start=\"1019\" data-end=\"1033\">Bon Nadal!<\/strong><\/p>\n<p data-start=\"1014\" data-end=\"1033\"><a href=\"https:\/\/photos.app.goo.gl\/4XWy1a7ogSWvzE426\">https:\/\/photos.app.goo.gl\/4XWy1a7ogSWvzE426<\/a><\/p>\n","protected":false},"excerpt":{"rendered":"<p>Aquest divendres, els nens i nenes d\u2019Educaci\u00f3 Infantil\u00a0 i cicle inicial han viscut un dels moments m\u00e9s esperats del Nadal: la cagada del Ti\u00f3.<br \/>\nDespr\u00e9s de dies cuidant-lo i alimentant-lo , el Ti\u00f3 ens ha volgut donar regals. Amb bastons a les mans i moltes ganes,&hellip;  <a href=\"https:\/\/agora.xtec.cat\/escguillemisarn\/general\/fem-cagar-el-tio-a-infantil-i-cicle-inicial\/\" title=\"Read FEM CAGAR EL TI\u00d3 A INFANTIL I CICLE INICIAL\">Llegeix m\u00e9s\u00bb<\/a><\/p>\n","protected":false},"author":20,"featured_media":0,"comment_status":"open","ping_status":"open","sticky":false,"template":"","format":"standard","meta":{"_bbp_topic_count":0,"_bbp_reply_count":0,"_bbp_total_topic_count":0,"_bbp_total_reply_count":0,"_bbp_voice_count":0,"_bbp_anonymous_reply_count":0,"_bbp_topic_count_hidden":0,"_bbp_reply_count_hidden":0,"_bbp_forum_subforum_count":0,"footnotes":""},"categories":[1,2,4,5],"tags":[],"class_list":["post-4243","post","type-post","status-publish","format-standard","hentry","category-general","category-infantil","category-portada","category-primaria"],"post_mailing_queue_ids":[],"_links":{"self":[{"href":"https:\/\/agora.xtec.cat\/escguillemisarn\/wp-json\/wp\/v2\/posts\/4243","targetHints":{"allow":["GET"]}}],"collection":[{"href":"https:\/\/agora.xtec.cat\/escguillemisarn\/wp-json\/wp\/v2\/posts"}],"about":[{"href":"https:\/\/agora.xtec.cat\/escguillemisarn\/wp-json\/wp\/v2\/types\/post"}],"author":[{"embeddable":true,"href":"https:\/\/agora.xtec.cat\/escguillemisarn\/wp-json\/wp\/v2\/users\/20"}],"replies":[{"embeddable":true,"href":"https:\/\/agora.xtec.cat\/escguillemisarn\/wp-json\/wp\/v2\/comments?post=4243"}],"version-history":[{"count":1,"href":"https:\/\/agora.xtec.cat\/escguillemisarn\/wp-json\/wp\/v2\/posts\/4243\/revisions"}],"predecessor-version":[{"id":4244,"href":"https:\/\/agora.xtec.cat\/escguillemisarn\/wp-json\/wp\/v2\/posts\/4243\/revisions\/4244"}],"wp:attachment":[{"href":"https:\/\/agora.xtec.cat\/escguillemisarn\/wp-json\/wp\/v2\/media?parent=4243"}],"wp:term":[{"taxonomy":"category","embeddable":true,"href":"https:\/\/agora.xtec.cat\/escguillemisarn\/wp-json\/wp\/v2\/categories?post=4243"},{"taxonomy":"post_tag","embeddable":true,"href":"https:\/\/agora.xtec.cat\/escguillemisarn\/wp-json\/wp\/v2\/tags?post=4243"}],"curies":[{"name":"wp","href":"https:\/\/api.w.org\/{rel}","templated":true}]}}