{"id":4238,"date":"2025-12-19T11:46:20","date_gmt":"2025-12-19T10:46:20","guid":{"rendered":"https:\/\/agora.xtec.cat\/escguillemisarn\/?p=4238"},"modified":"2025-12-19T11:46:20","modified_gmt":"2025-12-19T10:46:20","slug":"medi-a-2n-descobrir-experimentar-i-comprendre","status":"publish","type":"post","link":"https:\/\/agora.xtec.cat\/escguillemisarn\/general\/medi-a-2n-descobrir-experimentar-i-comprendre\/","title":{"rendered":"Medi a 2n: descobrir, experimentar i comprendre"},"content":{"rendered":"<p><span style=\"font-weight: 400;\">Aquest trimestre hem treballat combinant el llibre amb un gran nombre d\u2019activitats manipulatives i experimentals que han ajudat a fer l\u2019aprenentatge m\u00e9s significatiu, vivencial i motivador.\u00a0<\/span><\/p>\n<p><span style=\"font-weight: 400;\">Hem relacionat parts del cos amb els seus noms, completat <\/span><b>puzzles del cos hum\u00e0<\/b><span style=\"font-weight: 400;\"> i treballat les <\/span><b>funcions vitals<\/b><span style=\"font-weight: 400;\">. Hem aprofundit en <\/span><b>l\u2019esquelet i els m\u00fasculs<\/b><span style=\"font-weight: 400;\"> a trav\u00e9s de fitxes i l\u00e0mines de relacionar, i tamb\u00e9 hem observat com funcionen les <\/span><b>articulacions<\/b><span style=\"font-weight: 400;\">.<\/span><\/p>\n<p><span style=\"font-weight: 400;\">Al laboratori, hem creat uns <\/span><b>pulmons<\/b><span style=\"font-weight: 400;\"> amb materials senzills per entendre millor el <\/span><b>sistema respiratori<\/b><span style=\"font-weight: 400;\"> i veure com s\u2019inflen i es desinflen en respirar. A m\u00e9s, hem treballat el <\/span><b>sistema digestiu<\/b><span style=\"font-weight: 400;\"> i els <\/span><b>grups d\u2019aliments<\/b><span style=\"font-weight: 400;\"> amb m\u00e9s materials manipulatius que han ajudat a visualitzar tot el proc\u00e9s.<\/span><\/p>\n<p><span style=\"font-weight: 400;\">En el seg\u00fcent tema, ens hem endinsat en el m\u00f3n dels animals on hem treballat la <\/span><b>classificaci\u00f3<\/b><span style=\"font-weight: 400;\">, qu\u00e8 mengen, com s\u00f3n i on viuen. Cadasc\u00fa ha elaborat un <\/span><b>mini llibret dels cinc grups de vertebrats<\/b><span style=\"font-weight: 400;\"> per con\u00e8ixer-los amb m\u00e9s detall.<\/span><\/p>\n<p><span style=\"font-weight: 400;\">Al laboratori hem utilitzat el <\/span><b>microscopi digital<\/b><span style=\"font-weight: 400;\"> i hem observat elements reals: una <\/span><b>ploma d\u2019ocell<\/b><span style=\"font-weight: 400;\">, p\u00e8l de gat i de gos, una <\/span><b>aleta de peix<\/b><span style=\"font-weight: 400;\">, <\/span><b>sang de granota<\/b><span style=\"font-weight: 400;\">, l\u2019<\/span><b>ala d\u2019un mosquit<\/b><span style=\"font-weight: 400;\"> i altres mostres. Ha estat una experi\u00e8ncia fascinant que ha despertat molta curiositat cient\u00edfica!<\/span><\/p>\n<p><span style=\"font-weight: 400;\">Per acabar el trimestre, hem treballat les plantes i el seu cicle vital. Hem creat una <\/span><b>roda del cicle de vida<\/b><span style=\"font-weight: 400;\"> per entendre totes les fases. Hem fet un <\/span><b>experiment amb llenties<\/b><span style=\"font-weight: 400;\">, observant si creixien o no segons les condicions (amb o sense aigua, amb o sense llum) i formulant <\/span><b>hip\u00f2tesis<\/b><span style=\"font-weight: 400;\"> abans de comprovar els resultats.<\/span><\/p>\n<p><span style=\"font-weight: 400;\">Amb material manipulatiu hem <\/span><b>muntat una planta<\/b><span style=\"font-weight: 400;\">, col\u00b7locant cada part al lloc corresponent i relacionant-la amb la seva funci\u00f3. Tamb\u00e9 hem apr\u00e8s a distingir <\/span><b>tipus de plantes segons la tija<\/b><span style=\"font-weight: 400;\">, la seva <\/span><b>reproducci\u00f3<\/b><span style=\"font-weight: 400;\"> i per qu\u00e8 s\u00f3n tan importants per al planeta. Hem acabat jugant al bingo amb paraules clau del tema per repassar a l\u2019hora que jug\u00e0vem<\/span><\/p>\n<p><span style=\"font-weight: 400;\">Ha estat un trimestre ple de descobertes, de preguntes, de ganes d\u2019aprendre i de curiositat cient\u00edfica.<\/span><\/p>\n<p>En aquest enlla\u00e7 trobareu el un petit recull de fotografies!<\/p>\n<p><a href=\"https:\/\/photos.app.goo.gl\/ZDrtxq5Ygw6M3dpDA\">https:\/\/photos.app.goo.gl\/ZDrtxq5Ygw6M3dpDA<\/a><\/p>\n","protected":false},"excerpt":{"rendered":"<p>Aquest trimestre hem treballat combinant el llibre amb un gran nombre d\u2019activitats manipulatives i experimentals que han ajudat a fer l\u2019aprenentatge m\u00e9s significatiu, vivencial i motivador.\u00a0<br \/>\nHem relacionat parts del cos amb els seus noms, completat puzzles del cos hum\u00e0 i treballat les funcions vitals. Hem&hellip;  <a href=\"https:\/\/agora.xtec.cat\/escguillemisarn\/general\/medi-a-2n-descobrir-experimentar-i-comprendre\/\" title=\"Read Medi a 2n: descobrir, experimentar i comprendre\">Llegeix m\u00e9s\u00bb<\/a><\/p>\n","protected":false},"author":51,"featured_media":0,"comment_status":"open","ping_status":"open","sticky":false,"template":"","format":"standard","meta":{"_bbp_topic_count":0,"_bbp_reply_count":0,"_bbp_total_topic_count":0,"_bbp_total_reply_count":0,"_bbp_voice_count":0,"_bbp_anonymous_reply_count":0,"_bbp_topic_count_hidden":0,"_bbp_reply_count_hidden":0,"_bbp_forum_subforum_count":0,"footnotes":""},"categories":[71,1,5],"tags":[],"class_list":["post-4238","post","type-post","status-publish","format-standard","hentry","category-ci","category-general","category-primaria"],"post_mailing_queue_ids":[],"_links":{"self":[{"href":"https:\/\/agora.xtec.cat\/escguillemisarn\/wp-json\/wp\/v2\/posts\/4238","targetHints":{"allow":["GET"]}}],"collection":[{"href":"https:\/\/agora.xtec.cat\/escguillemisarn\/wp-json\/wp\/v2\/posts"}],"about":[{"href":"https:\/\/agora.xtec.cat\/escguillemisarn\/wp-json\/wp\/v2\/types\/post"}],"author":[{"embeddable":true,"href":"https:\/\/agora.xtec.cat\/escguillemisarn\/wp-json\/wp\/v2\/users\/51"}],"replies":[{"embeddable":true,"href":"https:\/\/agora.xtec.cat\/escguillemisarn\/wp-json\/wp\/v2\/comments?post=4238"}],"version-history":[{"count":1,"href":"https:\/\/agora.xtec.cat\/escguillemisarn\/wp-json\/wp\/v2\/posts\/4238\/revisions"}],"predecessor-version":[{"id":4239,"href":"https:\/\/agora.xtec.cat\/escguillemisarn\/wp-json\/wp\/v2\/posts\/4238\/revisions\/4239"}],"wp:attachment":[{"href":"https:\/\/agora.xtec.cat\/escguillemisarn\/wp-json\/wp\/v2\/media?parent=4238"}],"wp:term":[{"taxonomy":"category","embeddable":true,"href":"https:\/\/agora.xtec.cat\/escguillemisarn\/wp-json\/wp\/v2\/categories?post=4238"},{"taxonomy":"post_tag","embeddable":true,"href":"https:\/\/agora.xtec.cat\/escguillemisarn\/wp-json\/wp\/v2\/tags?post=4238"}],"curies":[{"name":"wp","href":"https:\/\/api.w.org\/{rel}","templated":true}]}}