{"id":4232,"date":"2025-12-19T14:34:02","date_gmt":"2025-12-19T13:34:02","guid":{"rendered":"https:\/\/agora.xtec.cat\/escguillemisarn\/?p=4232"},"modified":"2025-12-19T14:34:02","modified_gmt":"2025-12-19T13:34:02","slug":"festival-nadal-express","status":"publish","type":"post","link":"https:\/\/agora.xtec.cat\/escguillemisarn\/general\/festival-nadal-express\/","title":{"rendered":"FESTIVAL: NADAL EXPRESS"},"content":{"rendered":"<p>A l\u2019Escola Guillem Isarn de La Fuliola ha arribat el Festival de Nadal! \ud83c\udf84\u2728<br \/>\nUn moment esperat, emotiu i ple de m\u00e0gia que els alumnes i els docents hem preparat amb molta il\u00b7lusi\u00f3, dedicaci\u00f3 i estima.<img loading=\"lazy\" decoding=\"async\" class=\"wp-image-4234 alignleft\" src=\"https:\/\/agora.xtec.cat\/escguillemisarn\/wp-content\/uploads\/usu1631\/2025\/12\/la-foto-869x1024.jpg\" alt=\"\" width=\"200\" height=\"236\" srcset=\"https:\/\/agora.xtec.cat\/escguillemisarn\/wp-content\/uploads\/usu1631\/2025\/12\/la-foto-869x1024.jpg 869w, https:\/\/agora.xtec.cat\/escguillemisarn\/wp-content\/uploads\/usu1631\/2025\/12\/la-foto-255x300.jpg 255w, https:\/\/agora.xtec.cat\/escguillemisarn\/wp-content\/uploads\/usu1631\/2025\/12\/la-foto-768x905.jpg 768w, https:\/\/agora.xtec.cat\/escguillemisarn\/wp-content\/uploads\/usu1631\/2025\/12\/la-foto.jpg 1299w\" sizes=\"auto, (max-width: 200px) 100vw, 200px\" \/><\/p>\n<p>Aquest any, el nostre festival no \u00e9s nom\u00e9s una celebraci\u00f3 nadalenca, sin\u00f3 tamb\u00e9 el punt de partida d\u2019una gran aventura. El festival porta per nom \u201cNadal Express\u201d, un viatge fant\u00e0stic que ens ha fet rec\u00f3rrer diferents pa\u00efsos del m\u00f3n i que ens ha endinsat en l\u2019esperit del projecte interdisciplinari que iniciarem al 2n trimestre: \u201cViatgem pel m\u00f3n\u201d \ud83c\udf0d\u2708\ufe0f.<\/p>\n<p>A trav\u00e9s d\u2019aquest projecte, els infants descobriran la geografia mundial, coneixeran nous pa\u00efsos, cultures i tradicions, i s\u2019obriran a un m\u00f3n ple de diversitat que ens ajudar\u00e0 a cr\u00e9ixer, aprendre i enriquir-nos com a persones. El festival de Nadal ha estat la primera parada d\u2019aquest recorregut, una experi\u00e8ncia plena de m\u00fasica, emocions i somnis compartits.<\/p>\n<p>Gr\u00e0cies per haver format part del nostre viatge i per caminar sempre al costat de l&#8217;escola.<\/p>\n<p>Us deixem un recull de les imatges del dia.<\/p>\n<p>BONES FESTES.<\/p>\n<p><a href=\"https:\/\/photos.app.goo.gl\/24EVXrK8LiZCPeL49\">https:\/\/photos.app.goo.gl\/24EVXrK8LiZCPeL49<\/a><\/p>\n","protected":false},"excerpt":{"rendered":"<p>A l\u2019Escola Guillem Isarn de La Fuliola ha arribat el Festival de Nadal! \ud83c\udf84\u2728<br \/>\nUn moment esperat, emotiu i ple de m\u00e0gia que els alumnes i els docents hem preparat amb molta il\u00b7lusi\u00f3, dedicaci\u00f3 i estima.<br \/>\nAquest any, el nostre festival no \u00e9s nom\u00e9s una celebraci\u00f3 nadalenca,&hellip;  <a href=\"https:\/\/agora.xtec.cat\/escguillemisarn\/general\/festival-nadal-express\/\" title=\"Read FESTIVAL: NADAL EXPRESS\">Llegeix m\u00e9s\u00bb<\/a><\/p>\n","protected":false},"author":13,"featured_media":0,"comment_status":"open","ping_status":"open","sticky":false,"template":"","format":"standard","meta":{"_bbp_topic_count":0,"_bbp_reply_count":0,"_bbp_total_topic_count":0,"_bbp_total_reply_count":0,"_bbp_voice_count":0,"_bbp_anonymous_reply_count":0,"_bbp_topic_count_hidden":0,"_bbp_reply_count_hidden":0,"_bbp_forum_subforum_count":0,"footnotes":""},"categories":[71,72,73,77,79,1,2,4,5],"tags":[],"class_list":["post-4232","post","type-post","status-publish","format-standard","hentry","category-ci","category-cm","category-cs","category-escola-verda","category-foment-de-la-lectura","category-general","category-infantil","category-portada","category-primaria"],"post_mailing_queue_ids":[],"_links":{"self":[{"href":"https:\/\/agora.xtec.cat\/escguillemisarn\/wp-json\/wp\/v2\/posts\/4232","targetHints":{"allow":["GET"]}}],"collection":[{"href":"https:\/\/agora.xtec.cat\/escguillemisarn\/wp-json\/wp\/v2\/posts"}],"about":[{"href":"https:\/\/agora.xtec.cat\/escguillemisarn\/wp-json\/wp\/v2\/types\/post"}],"author":[{"embeddable":true,"href":"https:\/\/agora.xtec.cat\/escguillemisarn\/wp-json\/wp\/v2\/users\/13"}],"replies":[{"embeddable":true,"href":"https:\/\/agora.xtec.cat\/escguillemisarn\/wp-json\/wp\/v2\/comments?post=4232"}],"version-history":[{"count":2,"href":"https:\/\/agora.xtec.cat\/escguillemisarn\/wp-json\/wp\/v2\/posts\/4232\/revisions"}],"predecessor-version":[{"id":4242,"href":"https:\/\/agora.xtec.cat\/escguillemisarn\/wp-json\/wp\/v2\/posts\/4232\/revisions\/4242"}],"wp:attachment":[{"href":"https:\/\/agora.xtec.cat\/escguillemisarn\/wp-json\/wp\/v2\/media?parent=4232"}],"wp:term":[{"taxonomy":"category","embeddable":true,"href":"https:\/\/agora.xtec.cat\/escguillemisarn\/wp-json\/wp\/v2\/categories?post=4232"},{"taxonomy":"post_tag","embeddable":true,"href":"https:\/\/agora.xtec.cat\/escguillemisarn\/wp-json\/wp\/v2\/tags?post=4232"}],"curies":[{"name":"wp","href":"https:\/\/api.w.org\/{rel}","templated":true}]}}