{"id":4230,"date":"2025-12-18T11:57:24","date_gmt":"2025-12-18T10:57:24","guid":{"rendered":"https:\/\/agora.xtec.cat\/escguillemisarn\/?p=4230"},"modified":"2025-12-18T11:57:24","modified_gmt":"2025-12-18T10:57:24","slug":"nadales-a-la-residencia-davis-i-avies","status":"publish","type":"post","link":"https:\/\/agora.xtec.cat\/escguillemisarn\/general\/nadales-a-la-residencia-davis-i-avies\/","title":{"rendered":"Nadales a la resid\u00e8ncia d&#8217;avis i \u00e0vies!"},"content":{"rendered":"<p data-start=\"105\" data-end=\"438\">Ja \u00e9s el segon any que l\u2019alumnat de 5\u00e8 de la nostra escola prepara amb molta il\u00b7lusi\u00f3<strong> la cantada de nadales per a la resid\u00e8ncia d\u2019avis del nostre poble<\/strong>, una activitat que ja s\u2019ha convertit en una bonica tradici\u00f3 nadalenca.<\/p>\n<p data-start=\"105\" data-end=\"438\"><img loading=\"lazy\" decoding=\"async\" class=\"alignright\" src=\"https:\/\/img.beteve.cat\/wp-content\/uploads\/2024\/11\/cancons-nadal-catalunya-4.jpg\" alt=\"Nadales catalanes: 10 can\u00e7ons infantils tradicionals!\" width=\"263\" height=\"148\" \/><\/p>\n<p data-start=\"443\" data-end=\"743\">Durant aquest trimestre, l\u2019alumnat ha treballat<strong> cinc nadales tradicionals<\/strong> catalanes amb molta estima, pensant especialment en les persones que les escoltarien. L\u2019objectiu, com sempre, ha estat fer arribar l\u2019esperit del Nadal i regalar una estona agradable plena de records i emocions.<\/p>\n<p data-start=\"748\" data-end=\"1153\">Enguany, per\u00f2, no s\u2019ha pogut fer la cloenda presencial de la cantada a causa de l\u2019alt contagi de grip. Per<strong> responsabilitat i per vetllar per la salut de tothom<\/strong>, s\u2019ha optat per no realitzar-la. Tot i aix\u00f2, no hem volgut deixar de fer arribar el nostre afecte i, per aquest motiu, s\u2019han enviat<strong> els v\u00eddeos<\/strong> de les nadales perqu\u00e8 els avis i \u00e0vies puguin gaudir de la m\u00fasica durant aquestes dates tan especials.<\/p>\n<p data-start=\"1158\" data-end=\"1410\">\n<p data-start=\"1158\" data-end=\"1410\">Per veure les nostres actuacions, cliqueu al seg\u00fcent enlla\u00e7:\u00a0<a href=\"https:\/\/photos.app.goo.gl\/gNhBt57KSom998h37\">https:\/\/photos.app.goo.gl\/gNhBt57KSom998h37<\/a><\/p>\n","protected":false},"excerpt":{"rendered":"<p>Ja \u00e9s el segon any que l\u2019alumnat de 5\u00e8 de la nostra escola prepara amb molta il\u00b7lusi\u00f3 la cantada de nadales per a la resid\u00e8ncia d\u2019avis del nostre poble, una activitat que ja s\u2019ha convertit en una bonica tradici\u00f3 nadalenca.<\/p>\n<p>Durant aquest trimestre, l\u2019alumnat ha treballat&hellip;  <a href=\"https:\/\/agora.xtec.cat\/escguillemisarn\/general\/nadales-a-la-residencia-davis-i-avies\/\" title=\"Read Nadales a la resid\u00e8ncia d&#8217;avis i \u00e0vies!\">Llegeix m\u00e9s\u00bb<\/a><\/p>\n","protected":false},"author":36,"featured_media":0,"comment_status":"open","ping_status":"open","sticky":false,"template":"","format":"standard","meta":{"_bbp_topic_count":0,"_bbp_reply_count":0,"_bbp_total_topic_count":0,"_bbp_total_reply_count":0,"_bbp_voice_count":0,"_bbp_anonymous_reply_count":0,"_bbp_topic_count_hidden":0,"_bbp_reply_count_hidden":0,"_bbp_forum_subforum_count":0,"footnotes":""},"categories":[73,1,75],"tags":[],"class_list":["post-4230","post","type-post","status-publish","format-standard","hentry","category-cs","category-general","category-p-ciutadania"],"post_mailing_queue_ids":[],"_links":{"self":[{"href":"https:\/\/agora.xtec.cat\/escguillemisarn\/wp-json\/wp\/v2\/posts\/4230","targetHints":{"allow":["GET"]}}],"collection":[{"href":"https:\/\/agora.xtec.cat\/escguillemisarn\/wp-json\/wp\/v2\/posts"}],"about":[{"href":"https:\/\/agora.xtec.cat\/escguillemisarn\/wp-json\/wp\/v2\/types\/post"}],"author":[{"embeddable":true,"href":"https:\/\/agora.xtec.cat\/escguillemisarn\/wp-json\/wp\/v2\/users\/36"}],"replies":[{"embeddable":true,"href":"https:\/\/agora.xtec.cat\/escguillemisarn\/wp-json\/wp\/v2\/comments?post=4230"}],"version-history":[{"count":1,"href":"https:\/\/agora.xtec.cat\/escguillemisarn\/wp-json\/wp\/v2\/posts\/4230\/revisions"}],"predecessor-version":[{"id":4231,"href":"https:\/\/agora.xtec.cat\/escguillemisarn\/wp-json\/wp\/v2\/posts\/4230\/revisions\/4231"}],"wp:attachment":[{"href":"https:\/\/agora.xtec.cat\/escguillemisarn\/wp-json\/wp\/v2\/media?parent=4230"}],"wp:term":[{"taxonomy":"category","embeddable":true,"href":"https:\/\/agora.xtec.cat\/escguillemisarn\/wp-json\/wp\/v2\/categories?post=4230"},{"taxonomy":"post_tag","embeddable":true,"href":"https:\/\/agora.xtec.cat\/escguillemisarn\/wp-json\/wp\/v2\/tags?post=4230"}],"curies":[{"name":"wp","href":"https:\/\/api.w.org\/{rel}","templated":true}]}}