{"id":4200,"date":"2025-11-28T13:44:35","date_gmt":"2025-11-28T12:44:35","guid":{"rendered":"https:\/\/agora.xtec.cat\/escguillemisarn\/?p=4200"},"modified":"2025-11-28T13:44:35","modified_gmt":"2025-11-28T12:44:35","slug":"la-carta","status":"publish","type":"post","link":"https:\/\/agora.xtec.cat\/escguillemisarn\/general\/la-carta\/","title":{"rendered":"LA CARTA"},"content":{"rendered":"<p><a href=\"https:\/\/agora.xtec.cat\/escguillemisarn\/wp-content\/uploads\/usu1631\/2025\/11\/unnamed.png\"><img loading=\"lazy\" decoding=\"async\" class=\"alignnone wp-image-4201\" src=\"https:\/\/agora.xtec.cat\/escguillemisarn\/wp-content\/uploads\/usu1631\/2025\/11\/unnamed.png\" alt=\"\" width=\"265\" height=\"265\" srcset=\"https:\/\/agora.xtec.cat\/escguillemisarn\/wp-content\/uploads\/usu1631\/2025\/11\/unnamed.png 512w, https:\/\/agora.xtec.cat\/escguillemisarn\/wp-content\/uploads\/usu1631\/2025\/11\/unnamed-300x300.png 300w, https:\/\/agora.xtec.cat\/escguillemisarn\/wp-content\/uploads\/usu1631\/2025\/11\/unnamed-150x150.png 150w\" sizes=\"auto, (max-width: 265px) 100vw, 265px\" \/><\/a><\/p>\n<p>Aquest primer trimestre els alumnes de 3r hem treballat la carta a l\u00b4hora d\u00b4expressi\u00f3 escrita.<\/p>\n<p>Despr\u00e9s d\u00b4interioritzar totes les parts d\u00b4una carta, hem decidit escriure&#8217;n una. Posteriorment hem hagut d\u00b4aprendre com escriure la direcci\u00f3 del destinatari al sobre i el remitent per si la senyora de correu t\u00e9 algun problema amb la direcci\u00f3.<\/p>\n<p>Finalment nom\u00e9s ens quedava l\u00b4\u00faltim pas, anar a correus a trobar la Rosa Mari, la cartera, perqu\u00e8 ens vengui els segells i poder-la enviar i tirar-la a la b\u00fastia de correus.<\/p>\n<p>Ara nom\u00e9s ens falta esperar que arribin les nostres cartes als destinataris.<\/p>\n<p>Aqu\u00ed us deixem un petit recull de les\u00a0<a href=\"https:\/\/photos.app.goo.gl\/QfxN1bhSCBqFytH79\">FOTOS<\/a><\/p>\n","protected":false},"excerpt":{"rendered":"<p><a href=\"https:\/\/agora.xtec.cat\/escguillemisarn\/wp-content\/uploads\/usu1631\/2025\/11\/unnamed.png\"><\/a><br \/>\nAquest primer trimestre els alumnes de 3r hem treballat la carta a l\u00b4hora d\u00b4expressi\u00f3 escrita.<br \/>\nDespr\u00e9s d\u00b4interioritzar totes les parts d\u00b4una carta, hem decidit escriure&#8217;n una. Posteriorment hem hagut d\u00b4aprendre com escriure la direcci\u00f3 del destinatari al sobre i el remitent per si la senyora&hellip;  <a href=\"https:\/\/agora.xtec.cat\/escguillemisarn\/general\/la-carta\/\" title=\"Read LA CARTA\">Llegeix m\u00e9s\u00bb<\/a><\/p>\n","protected":false},"author":41,"featured_media":4201,"comment_status":"open","ping_status":"open","sticky":false,"template":"","format":"standard","meta":{"_bbp_topic_count":0,"_bbp_reply_count":0,"_bbp_total_topic_count":0,"_bbp_total_reply_count":0,"_bbp_voice_count":0,"_bbp_anonymous_reply_count":0,"_bbp_topic_count_hidden":0,"_bbp_reply_count_hidden":0,"_bbp_forum_subforum_count":0,"footnotes":""},"categories":[72,1,4,5],"tags":[],"class_list":["post-4200","post","type-post","status-publish","format-standard","has-post-thumbnail","hentry","category-cm","category-general","category-portada","category-primaria"],"post_mailing_queue_ids":[],"_links":{"self":[{"href":"https:\/\/agora.xtec.cat\/escguillemisarn\/wp-json\/wp\/v2\/posts\/4200","targetHints":{"allow":["GET"]}}],"collection":[{"href":"https:\/\/agora.xtec.cat\/escguillemisarn\/wp-json\/wp\/v2\/posts"}],"about":[{"href":"https:\/\/agora.xtec.cat\/escguillemisarn\/wp-json\/wp\/v2\/types\/post"}],"author":[{"embeddable":true,"href":"https:\/\/agora.xtec.cat\/escguillemisarn\/wp-json\/wp\/v2\/users\/41"}],"replies":[{"embeddable":true,"href":"https:\/\/agora.xtec.cat\/escguillemisarn\/wp-json\/wp\/v2\/comments?post=4200"}],"version-history":[{"count":2,"href":"https:\/\/agora.xtec.cat\/escguillemisarn\/wp-json\/wp\/v2\/posts\/4200\/revisions"}],"predecessor-version":[{"id":4203,"href":"https:\/\/agora.xtec.cat\/escguillemisarn\/wp-json\/wp\/v2\/posts\/4200\/revisions\/4203"}],"wp:featuredmedia":[{"embeddable":true,"href":"https:\/\/agora.xtec.cat\/escguillemisarn\/wp-json\/wp\/v2\/media\/4201"}],"wp:attachment":[{"href":"https:\/\/agora.xtec.cat\/escguillemisarn\/wp-json\/wp\/v2\/media?parent=4200"}],"wp:term":[{"taxonomy":"category","embeddable":true,"href":"https:\/\/agora.xtec.cat\/escguillemisarn\/wp-json\/wp\/v2\/categories?post=4200"},{"taxonomy":"post_tag","embeddable":true,"href":"https:\/\/agora.xtec.cat\/escguillemisarn\/wp-json\/wp\/v2\/tags?post=4200"}],"curies":[{"name":"wp","href":"https:\/\/api.w.org\/{rel}","templated":true}]}}