{"id":4196,"date":"2025-11-27T18:36:48","date_gmt":"2025-11-27T17:36:48","guid":{"rendered":"https:\/\/agora.xtec.cat\/escguillemisarn\/?p=4196"},"modified":"2025-11-28T11:48:08","modified_gmt":"2025-11-28T10:48:08","slug":"mercat-solidari-per-la-marato","status":"publish","type":"post","link":"https:\/\/agora.xtec.cat\/escguillemisarn\/general\/mercat-solidari-per-la-marato\/","title":{"rendered":"MERCAT SOLIDARI PER LA MARAT\u00d3"},"content":{"rendered":"<p data-pm-slice=\"1 1 []\">Avui dia 25 de novembre de 2025 els alumnes de 6\u00e8 de prim\u00e0ria de l&#8217;escola Guillem Isarn han dut a terme el mercat solidari de la Marat\u00f3. Des de les nou del mat\u00ed fins a les dotze del migdia, repartits en grups de 5 alumnes, han venut les manualitats que han confeccionat tots els cursos de l&#8217;escola per poder aportar el seu granet d&#8217;arena en les futures investigacions del c\u00e0ncer.<\/p>\n<p data-pm-slice=\"1 1 []\">Les manualitats que s&#8217;han venut s\u00f3n les seg\u00fcents:<\/p>\n<p><strong><u>I3:<\/u><\/strong> ESPELMES EN FORMA D&#8217;ESTRELLA.<\/p>\n<p><strong><u>I4:<\/u><\/strong> NINOTS DE NEU AMB ESPELMA A DINS.<\/p>\n<p><strong><u>I5:<\/u><\/strong> ARBRES DE NADAL DE FIL.<\/p>\n<p><strong><u>1r i 2n:<\/u><\/strong> TIONS, RENS I PARES NOEL RECICLATS \/ PUNTS DE LLIBRE \/ PINYES.<\/p>\n<p><strong><u>3r i 4t:<\/u><\/strong> LLAPISSERES DECORATS AMB EL LEMA DE LA MARAT\u00d3.<\/p>\n<p><strong>5\u00e8 i 6\u00e8: <\/strong>ARANYES DE NADAL FETES AMB NETEJAPIPES I ARBRES DE NADAL AMB LLIBRES VELLS.<\/p>\n<p><strong><em>Per\u00f2, per qu\u00e8 col\u00b7laborem amb la Marat\u00f3?<\/em><\/strong><\/p>\n<p>Enguany, la Marat\u00f3 vetlla per aconseguir diners per promoure i finan\u00e7ar projectes de recerca oncol\u00f2gica a Catalunya, sota el lema &#8220;Detectem-ho, arreglem-ho&#8221;. Tamb\u00e9 pret\u00e9n impulsar la investigaci\u00f3 per a diagn\u00f2stics m\u00e9s efectius, tractaments millorats i, si \u00e9s possible, ter\u00e0pies menys agressives o m\u00e9s adaptades. Amb aquesta iniciativa volen fomentar la prevenci\u00f3, la detecci\u00f3 preco\u00e7 i la conscienciaci\u00f3 social sobre el c\u00e0ncer, per reduir la seva incid\u00e8ncia i mortalitat.<\/p>\n<p style=\"text-align: left;\">Volem felicitar a tots els alumnes de l&#8217;escola, que han treballat molt perqu\u00e8 el dia d&#8217;avui s&#8217;hagi pogut complir i a tots el mestres implicats en aquestes activitats art\u00edstiques, sou els millors!<\/p>\n<p style=\"text-align: left;\">Per acabar, volem donar les gr\u00e0cies a la Guadalupe, exmestra de l&#8217;escola, que ens ha portat taules, mantells, cistelles i moltes ganes de col\u00b7laborar, tamb\u00e9 volem agrair a la Carme de Refractarius per haver-nos deixat manualitats fetes per ella i, sobretot, a la Martina Ser\u00f3 Homs que ens ha portat joies per vendre al mercat. Sou unes grans col\u00b7laboradores, ceramistes i dissenyadores. Ha estat una gran jornada, ens veiem l&#8217;any que ve!<\/p>\n<p>Al seg\u00fcent enlla\u00e7 trobareu les fotos d&#8217;avui!<\/p>\n<p><a href=\"https:\/\/photos.app.goo.gl\/DGNNpPn3nEreue6r5\">https:\/\/photos.app.goo.gl\/DGNNpPn3nEreue6r5<\/a><\/p>\n","protected":false},"excerpt":{"rendered":"<p>Avui dia 25 de novembre de 2025 els alumnes de 6\u00e8 de prim\u00e0ria de l&#8217;escola Guillem Isarn han dut a terme el mercat solidari de la Marat\u00f3. Des de les nou del mat\u00ed fins a les dotze del migdia, repartits en grups de 5 alumnes,&hellip;  <a href=\"https:\/\/agora.xtec.cat\/escguillemisarn\/general\/mercat-solidari-per-la-marato\/\" title=\"Read MERCAT SOLIDARI PER LA MARAT\u00d3\">Llegeix m\u00e9s\u00bb<\/a><\/p>\n","protected":false},"author":52,"featured_media":0,"comment_status":"open","ping_status":"open","sticky":false,"template":"","format":"standard","meta":{"_bbp_topic_count":0,"_bbp_reply_count":0,"_bbp_total_topic_count":0,"_bbp_total_reply_count":0,"_bbp_voice_count":0,"_bbp_anonymous_reply_count":0,"_bbp_topic_count_hidden":0,"_bbp_reply_count_hidden":0,"_bbp_forum_subforum_count":0,"footnotes":""},"categories":[1],"tags":[],"class_list":["post-4196","post","type-post","status-publish","format-standard","hentry","category-general"],"post_mailing_queue_ids":[],"_links":{"self":[{"href":"https:\/\/agora.xtec.cat\/escguillemisarn\/wp-json\/wp\/v2\/posts\/4196","targetHints":{"allow":["GET"]}}],"collection":[{"href":"https:\/\/agora.xtec.cat\/escguillemisarn\/wp-json\/wp\/v2\/posts"}],"about":[{"href":"https:\/\/agora.xtec.cat\/escguillemisarn\/wp-json\/wp\/v2\/types\/post"}],"author":[{"embeddable":true,"href":"https:\/\/agora.xtec.cat\/escguillemisarn\/wp-json\/wp\/v2\/users\/52"}],"replies":[{"embeddable":true,"href":"https:\/\/agora.xtec.cat\/escguillemisarn\/wp-json\/wp\/v2\/comments?post=4196"}],"version-history":[{"count":3,"href":"https:\/\/agora.xtec.cat\/escguillemisarn\/wp-json\/wp\/v2\/posts\/4196\/revisions"}],"predecessor-version":[{"id":4199,"href":"https:\/\/agora.xtec.cat\/escguillemisarn\/wp-json\/wp\/v2\/posts\/4196\/revisions\/4199"}],"wp:attachment":[{"href":"https:\/\/agora.xtec.cat\/escguillemisarn\/wp-json\/wp\/v2\/media?parent=4196"}],"wp:term":[{"taxonomy":"category","embeddable":true,"href":"https:\/\/agora.xtec.cat\/escguillemisarn\/wp-json\/wp\/v2\/categories?post=4196"},{"taxonomy":"post_tag","embeddable":true,"href":"https:\/\/agora.xtec.cat\/escguillemisarn\/wp-json\/wp\/v2\/tags?post=4196"}],"curies":[{"name":"wp","href":"https:\/\/api.w.org\/{rel}","templated":true}]}}