{"id":4184,"date":"2025-11-24T12:04:08","date_gmt":"2025-11-24T11:04:08","guid":{"rendered":"https:\/\/agora.xtec.cat\/escguillemisarn\/?p=4184"},"modified":"2025-11-24T12:54:57","modified_gmt":"2025-11-24T11:54:57","slug":"ajudans-a-salvar-la-nit-taller-de-contaminacio-luminica-a-5e-i-6e","status":"publish","type":"post","link":"https:\/\/agora.xtec.cat\/escguillemisarn\/general\/ajudans-a-salvar-la-nit-taller-de-contaminacio-luminica-a-5e-i-6e\/","title":{"rendered":"Ajuda&#8217;ns a Salvar la nit: Taller de Contaminaci\u00f3 lum\u00ednica a 5\u00e8 i 6\u00e8"},"content":{"rendered":"<p data-start=\"136\" data-end=\"386\">L\u2019alumnat de 5\u00e8 i 6\u00e8 ha participat en un <strong data-start=\"177\" data-end=\"215\">taller sobre contaminaci\u00f3 lum\u00ednica<\/strong> a c\u00e0rrec de la <strong data-start=\"231\" data-end=\"274\">Laura, de l\u2019Ag\u00e8ncia Catalana del Consum<\/strong>, una activitat pensada per descobrir la import\u00e0ncia de la llum i comprendre el seu impacte en el nostre entorn.<\/p>\n<p style=\"font-family: 'Helvetica Neue', Helvetica, Helvetica, Arial, sans-serif; font-size: 16px;\"><img loading=\"lazy\" decoding=\"async\" class=\"wp-image-4185 alignleft\" style=\"border: none; color: #2795b6;\" src=\"https:\/\/agora.xtec.cat\/escguillemisarn\/wp-content\/uploads\/usu1631\/2025\/11\/1-1-1024x650.jpg\" alt=\"\" width=\"267\" height=\"170\" srcset=\"https:\/\/agora.xtec.cat\/escguillemisarn\/wp-content\/uploads\/usu1631\/2025\/11\/1-1-1024x650.jpg 1024w, https:\/\/agora.xtec.cat\/escguillemisarn\/wp-content\/uploads\/usu1631\/2025\/11\/1-1-300x190.jpg 300w, https:\/\/agora.xtec.cat\/escguillemisarn\/wp-content\/uploads\/usu1631\/2025\/11\/1-1-768x487.jpg 768w, https:\/\/agora.xtec.cat\/escguillemisarn\/wp-content\/uploads\/usu1631\/2025\/11\/1-1.jpg 1492w\" sizes=\"auto, (max-width: 267px) 100vw, 267px\" \/><\/p>\n<p data-start=\"388\" data-end=\"749\">Durant la sessi\u00f3 hem explorat <strong data-start=\"418\" data-end=\"436\">qu\u00e8 \u00e9s la llum<\/strong>, de quin <strong data-start=\"446\" data-end=\"468\">color est\u00e0 formada<\/strong> mitjan\u00e7ant el disc de Newton i com funciona el <strong data-start=\"516\" data-end=\"543\">fenomen de la dispersi\u00f3<\/strong>. Tamb\u00e9 hem analitzat la <strong data-start=\"568\" data-end=\"587\">llum artificial<\/strong>, el seu \u00fas quotidi\u00e0 i la relaci\u00f3 entre <strong data-start=\"627\" data-end=\"645\">llum i energia<\/strong>, aprenent a interpretar les <strong data-start=\"674\" data-end=\"700\">etiquetes energ\u00e8tiques<\/strong> dels aparells que utilitzem a casa i a l\u2019escola.<\/p>\n<p data-start=\"751\" data-end=\"949\">L\u2019experi\u00e8ncia s\u2019ha completat amb <strong data-start=\"784\" data-end=\"808\">experiments pr\u00e0ctics<\/strong> utilitzant lux\u00f2metres i medidors de consum, que han perm\u00e8s a l\u2019alumnat mesurar la intensitat i el cost energ\u00e8tic de diferents punts de llum.<\/p>\n<p data-start=\"951\" data-end=\"1167\">Finalment, hem reflexionat sobre la <strong data-start=\"987\" data-end=\"1031\">problem\u00e0tica de la contaminaci\u00f3 lum\u00ednica<\/strong>, el seu impacte en les persones i el medi ambient, i la import\u00e0ncia de fer un <strong data-start=\"1110\" data-end=\"1152\">\u00fas responsable i eficient de l\u2019energia<\/strong> per reduir-la.<\/p>\n<p data-start=\"1169\" data-end=\"1307\">Una activitat enriquidora que ens ajuda a entendre millor el m\u00f3n que ens envolta i a prendre consci\u00e8ncia del nostre paper en la seva cura.<\/p>\n<p data-start=\"1169\" data-end=\"1307\">Us deixem amb algunes imatges de l&#8217;activitat:<\/p>\n<p data-start=\"1169\" data-end=\"1307\"><a href=\"https:\/\/photos.app.goo.gl\/57HKb5Ko1899DEYu9\"> https:\/\/photos.app.goo.gl\/57HKb5Ko1899DEYu9<\/a><\/p>\n","protected":false},"excerpt":{"rendered":"<p>L\u2019alumnat de 5\u00e8 i 6\u00e8 ha participat en un taller sobre contaminaci\u00f3 lum\u00ednica a c\u00e0rrec de la Laura, de l\u2019Ag\u00e8ncia Catalana del Consum, una activitat pensada per descobrir la import\u00e0ncia de la llum i comprendre el seu impacte en el nostre entorn.<\/p>\n<p>Durant la sessi\u00f3 hem&hellip;  <a href=\"https:\/\/agora.xtec.cat\/escguillemisarn\/general\/ajudans-a-salvar-la-nit-taller-de-contaminacio-luminica-a-5e-i-6e\/\" title=\"Read Ajuda&#8217;ns a Salvar la nit: Taller de Contaminaci\u00f3 lum\u00ednica a 5\u00e8 i 6\u00e8\">Llegeix m\u00e9s\u00bb<\/a><\/p>\n","protected":false},"author":36,"featured_media":4187,"comment_status":"open","ping_status":"open","sticky":false,"template":"","format":"standard","meta":{"_bbp_topic_count":0,"_bbp_reply_count":0,"_bbp_total_topic_count":0,"_bbp_total_reply_count":0,"_bbp_voice_count":0,"_bbp_anonymous_reply_count":0,"_bbp_topic_count_hidden":0,"_bbp_reply_count_hidden":0,"_bbp_forum_subforum_count":0,"footnotes":""},"categories":[1],"tags":[],"class_list":["post-4184","post","type-post","status-publish","format-standard","has-post-thumbnail","hentry","category-general"],"post_mailing_queue_ids":[],"_links":{"self":[{"href":"https:\/\/agora.xtec.cat\/escguillemisarn\/wp-json\/wp\/v2\/posts\/4184","targetHints":{"allow":["GET"]}}],"collection":[{"href":"https:\/\/agora.xtec.cat\/escguillemisarn\/wp-json\/wp\/v2\/posts"}],"about":[{"href":"https:\/\/agora.xtec.cat\/escguillemisarn\/wp-json\/wp\/v2\/types\/post"}],"author":[{"embeddable":true,"href":"https:\/\/agora.xtec.cat\/escguillemisarn\/wp-json\/wp\/v2\/users\/36"}],"replies":[{"embeddable":true,"href":"https:\/\/agora.xtec.cat\/escguillemisarn\/wp-json\/wp\/v2\/comments?post=4184"}],"version-history":[{"count":3,"href":"https:\/\/agora.xtec.cat\/escguillemisarn\/wp-json\/wp\/v2\/posts\/4184\/revisions"}],"predecessor-version":[{"id":4189,"href":"https:\/\/agora.xtec.cat\/escguillemisarn\/wp-json\/wp\/v2\/posts\/4184\/revisions\/4189"}],"wp:featuredmedia":[{"embeddable":true,"href":"https:\/\/agora.xtec.cat\/escguillemisarn\/wp-json\/wp\/v2\/media\/4187"}],"wp:attachment":[{"href":"https:\/\/agora.xtec.cat\/escguillemisarn\/wp-json\/wp\/v2\/media?parent=4184"}],"wp:term":[{"taxonomy":"category","embeddable":true,"href":"https:\/\/agora.xtec.cat\/escguillemisarn\/wp-json\/wp\/v2\/categories?post=4184"},{"taxonomy":"post_tag","embeddable":true,"href":"https:\/\/agora.xtec.cat\/escguillemisarn\/wp-json\/wp\/v2\/tags?post=4184"}],"curies":[{"name":"wp","href":"https:\/\/api.w.org\/{rel}","templated":true}]}}