{"id":4182,"date":"2025-11-26T16:12:27","date_gmt":"2025-11-26T15:12:27","guid":{"rendered":"https:\/\/agora.xtec.cat\/escguillemisarn\/?p=4182"},"modified":"2025-11-26T16:12:27","modified_gmt":"2025-11-26T15:12:27","slug":"treballem-la-tardor-a-educacio-infantil","status":"publish","type":"post","link":"https:\/\/agora.xtec.cat\/escguillemisarn\/general\/treballem-la-tardor-a-educacio-infantil\/","title":{"rendered":"TREBALLEM LA TARDOR A EDUCACI\u00d3 INFANTIL"},"content":{"rendered":"<p style=\"text-align: left;\">Els nens i nene<a href=\"https:\/\/agora.xtec.cat\/escguillemisarn\/wp-content\/uploads\/usu1631\/2025\/11\/photo_16_2025-11-18_14-00-07.jpg\"><img loading=\"lazy\" decoding=\"async\" class=\"wp-image-4193 alignleft\" src=\"https:\/\/agora.xtec.cat\/escguillemisarn\/wp-content\/uploads\/usu1631\/2025\/11\/photo_16_2025-11-18_14-00-07-1024x577.jpg\" alt=\"\" width=\"300\" height=\"169\" srcset=\"https:\/\/agora.xtec.cat\/escguillemisarn\/wp-content\/uploads\/usu1631\/2025\/11\/photo_16_2025-11-18_14-00-07-1024x577.jpg 1024w, https:\/\/agora.xtec.cat\/escguillemisarn\/wp-content\/uploads\/usu1631\/2025\/11\/photo_16_2025-11-18_14-00-07-300x169.jpg 300w, https:\/\/agora.xtec.cat\/escguillemisarn\/wp-content\/uploads\/usu1631\/2025\/11\/photo_16_2025-11-18_14-00-07-768x433.jpg 768w, https:\/\/agora.xtec.cat\/escguillemisarn\/wp-content\/uploads\/usu1631\/2025\/11\/photo_16_2025-11-18_14-00-07.jpg 1280w\" sizes=\"auto, (max-width: 300px) 100vw, 300px\" \/><\/a>s d&#8217;Educaci\u00f3 Infantil hem treballat la tardor tot observant-la, manipulant elements, a trav\u00e9s dels minimons, a l&#8217;aula sensorial i en activitats de pl\u00e0stica&#8230; A continuaci\u00f3 us ensenyem un petit v\u00eddeo on podeu veure les activitats realitzades a l&#8217;escola sobre <strong>LA TARDOR<\/strong>. Esperem que els vostres fills i filles us expliquin moltes coses!! \u00a0<a href=\"https:\/\/photos.app.goo.gl\/TPhQDzi7pnTksoiF7\">https:\/\/photos.app.goo.gl\/TPhQDzi7pnTksoiF7<\/a><\/p>\n<p>&nbsp;<\/p>\n","protected":false},"excerpt":{"rendered":"<p>Els nens i nene<a href=\"https:\/\/agora.xtec.cat\/escguillemisarn\/wp-content\/uploads\/usu1631\/2025\/11\/photo_16_2025-11-18_14-00-07.jpg\"><\/a>s d&#8217;Educaci\u00f3 Infantil hem treballat la tardor tot observant-la, manipulant elements, a trav\u00e9s dels minimons, a l&#8217;aula sensorial i en activitats de pl\u00e0stica&#8230; A continuaci\u00f3 us ensenyem un petit v\u00eddeo on podeu veure les activitats realitzades a l&#8217;escola sobre LA TARDOR.&hellip;  <a href=\"https:\/\/agora.xtec.cat\/escguillemisarn\/general\/treballem-la-tardor-a-educacio-infantil\/\" title=\"Read TREBALLEM LA TARDOR A EDUCACI\u00d3 INFANTIL\">Llegeix m\u00e9s\u00bb<\/a><\/p>\n","protected":false},"author":20,"featured_media":0,"comment_status":"open","ping_status":"open","sticky":false,"template":"","format":"standard","meta":{"_bbp_topic_count":0,"_bbp_reply_count":0,"_bbp_total_topic_count":0,"_bbp_total_reply_count":0,"_bbp_voice_count":0,"_bbp_anonymous_reply_count":0,"_bbp_topic_count_hidden":0,"_bbp_reply_count_hidden":0,"_bbp_forum_subforum_count":0,"footnotes":""},"categories":[1,2,4,5],"tags":[],"class_list":["post-4182","post","type-post","status-publish","format-standard","hentry","category-general","category-infantil","category-portada","category-primaria"],"post_mailing_queue_ids":[],"_links":{"self":[{"href":"https:\/\/agora.xtec.cat\/escguillemisarn\/wp-json\/wp\/v2\/posts\/4182","targetHints":{"allow":["GET"]}}],"collection":[{"href":"https:\/\/agora.xtec.cat\/escguillemisarn\/wp-json\/wp\/v2\/posts"}],"about":[{"href":"https:\/\/agora.xtec.cat\/escguillemisarn\/wp-json\/wp\/v2\/types\/post"}],"author":[{"embeddable":true,"href":"https:\/\/agora.xtec.cat\/escguillemisarn\/wp-json\/wp\/v2\/users\/20"}],"replies":[{"embeddable":true,"href":"https:\/\/agora.xtec.cat\/escguillemisarn\/wp-json\/wp\/v2\/comments?post=4182"}],"version-history":[{"count":3,"href":"https:\/\/agora.xtec.cat\/escguillemisarn\/wp-json\/wp\/v2\/posts\/4182\/revisions"}],"predecessor-version":[{"id":4192,"href":"https:\/\/agora.xtec.cat\/escguillemisarn\/wp-json\/wp\/v2\/posts\/4182\/revisions\/4192"}],"wp:attachment":[{"href":"https:\/\/agora.xtec.cat\/escguillemisarn\/wp-json\/wp\/v2\/media?parent=4182"}],"wp:term":[{"taxonomy":"category","embeddable":true,"href":"https:\/\/agora.xtec.cat\/escguillemisarn\/wp-json\/wp\/v2\/categories?post=4182"},{"taxonomy":"post_tag","embeddable":true,"href":"https:\/\/agora.xtec.cat\/escguillemisarn\/wp-json\/wp\/v2\/tags?post=4182"}],"curies":[{"name":"wp","href":"https:\/\/api.w.org\/{rel}","templated":true}]}}