{"id":4179,"date":"2025-11-25T12:47:00","date_gmt":"2025-11-25T11:47:00","guid":{"rendered":"https:\/\/agora.xtec.cat\/escguillemisarn\/?p=4179"},"modified":"2025-11-25T12:47:00","modified_gmt":"2025-11-25T11:47:00","slug":"25-n-dia-internacional-per-leliminacio-de-la-violencia-contra-la-dona-2","status":"publish","type":"post","link":"https:\/\/agora.xtec.cat\/escguillemisarn\/general\/25-n-dia-internacional-per-leliminacio-de-la-violencia-contra-la-dona-2\/","title":{"rendered":"25-N DIA INTERNACIONAL PER L\u2019ELIMINACI\u00d3 DE LA VIOL\u00c8NCIA CONTRA LA DONA."},"content":{"rendered":"<p>L\u2019escola Guillem Isarn es suma en la lluita contra l\u2019Eliminaci\u00f3 de la viol\u00e8ncia envers la dona. Avui dimarts 25 de novembre ho hem celebrat llegint un manifest per part de tot l&#8217;alumnat de\u00a0 6\u00e8 i despr\u00e9s ens ha cantat la can\u00e7\u00f3 &#8220;Et prometo&#8221; amb lletra i m\u00fasica d&#8217;Ivan Herzog de l&#8217;\u00e0lbum La llei universal, que parla sobre\u00a0 el fet\u00a0 de cuidar-nos i respectar-nos els uns als altres.Tot l&#8217;alumnat de l&#8217;escola hem fet un cor gegant de color lila que hi hem posat per t\u00edtol <strong>ENS RESPECTEM<\/strong>. Amb aquest acte ens unim a la lluita contra la viol\u00e8ncia envers les dones.<\/p>\n<p>Volem espais lliures i segurs!<a href=\"https:\/\/agora.xtec.cat\/escguillemisarn\/wp-content\/uploads\/usu1631\/2022\/11\/Simbol-Lluita-Violencia-masclista-400x400-1.jpeg\"><img loading=\"lazy\" decoding=\"async\" class=\"alignleft size-thumbnail wp-image-2501\" src=\"https:\/\/agora.xtec.cat\/escguillemisarn\/wp-content\/uploads\/usu1631\/2022\/11\/Simbol-Lluita-Violencia-masclista-400x400-1-150x150.jpeg\" alt=\"\" width=\"150\" height=\"150\" srcset=\"https:\/\/agora.xtec.cat\/escguillemisarn\/wp-content\/uploads\/usu1631\/2022\/11\/Simbol-Lluita-Violencia-masclista-400x400-1-150x150.jpeg 150w, https:\/\/agora.xtec.cat\/escguillemisarn\/wp-content\/uploads\/usu1631\/2022\/11\/Simbol-Lluita-Violencia-masclista-400x400-1-300x300.jpeg 300w, https:\/\/agora.xtec.cat\/escguillemisarn\/wp-content\/uploads\/usu1631\/2022\/11\/Simbol-Lluita-Violencia-masclista-400x400-1.jpeg 400w\" sizes=\"auto, (max-width: 150px) 100vw, 150px\" \/><\/a><\/p>\n<p>Podeu veure les fotos clicant a l\u2019enlla\u00e7: <a href=\"https:\/\/photos.app.goo.gl\/3qFZhJ7DZLuiF49p9\">https:\/\/photos.app.goo.gl\/3qFZhJ7DZLuiF49p9<\/a><\/p>\n","protected":false},"excerpt":{"rendered":"<p>L\u2019escola Guillem Isarn es suma en la lluita contra l\u2019Eliminaci\u00f3 de la viol\u00e8ncia envers la dona. Avui dimarts 25 de novembre ho hem celebrat llegint un manifest per part de tot l&#8217;alumnat de\u00a0 6\u00e8 i despr\u00e9s ens ha cantat la can\u00e7\u00f3 &#8220;Et prometo&#8221; amb lletra&hellip;  <a href=\"https:\/\/agora.xtec.cat\/escguillemisarn\/general\/25-n-dia-internacional-per-leliminacio-de-la-violencia-contra-la-dona-2\/\" title=\"Read 25-N DIA INTERNACIONAL PER L\u2019ELIMINACI\u00d3 DE LA VIOL\u00c8NCIA CONTRA LA DONA.\">Llegeix m\u00e9s\u00bb<\/a><\/p>\n","protected":false},"author":20,"featured_media":0,"comment_status":"open","ping_status":"open","sticky":false,"template":"","format":"standard","meta":{"_bbp_topic_count":0,"_bbp_reply_count":0,"_bbp_total_topic_count":0,"_bbp_total_reply_count":0,"_bbp_voice_count":0,"_bbp_anonymous_reply_count":0,"_bbp_topic_count_hidden":0,"_bbp_reply_count_hidden":0,"_bbp_forum_subforum_count":0,"footnotes":""},"categories":[77,1,2,4,5],"tags":[],"class_list":["post-4179","post","type-post","status-publish","format-standard","hentry","category-escola-verda","category-general","category-infantil","category-portada","category-primaria"],"post_mailing_queue_ids":[],"_links":{"self":[{"href":"https:\/\/agora.xtec.cat\/escguillemisarn\/wp-json\/wp\/v2\/posts\/4179","targetHints":{"allow":["GET"]}}],"collection":[{"href":"https:\/\/agora.xtec.cat\/escguillemisarn\/wp-json\/wp\/v2\/posts"}],"about":[{"href":"https:\/\/agora.xtec.cat\/escguillemisarn\/wp-json\/wp\/v2\/types\/post"}],"author":[{"embeddable":true,"href":"https:\/\/agora.xtec.cat\/escguillemisarn\/wp-json\/wp\/v2\/users\/20"}],"replies":[{"embeddable":true,"href":"https:\/\/agora.xtec.cat\/escguillemisarn\/wp-json\/wp\/v2\/comments?post=4179"}],"version-history":[{"count":3,"href":"https:\/\/agora.xtec.cat\/escguillemisarn\/wp-json\/wp\/v2\/posts\/4179\/revisions"}],"predecessor-version":[{"id":4191,"href":"https:\/\/agora.xtec.cat\/escguillemisarn\/wp-json\/wp\/v2\/posts\/4179\/revisions\/4191"}],"wp:attachment":[{"href":"https:\/\/agora.xtec.cat\/escguillemisarn\/wp-json\/wp\/v2\/media?parent=4179"}],"wp:term":[{"taxonomy":"category","embeddable":true,"href":"https:\/\/agora.xtec.cat\/escguillemisarn\/wp-json\/wp\/v2\/categories?post=4179"},{"taxonomy":"post_tag","embeddable":true,"href":"https:\/\/agora.xtec.cat\/escguillemisarn\/wp-json\/wp\/v2\/tags?post=4179"}],"curies":[{"name":"wp","href":"https:\/\/api.w.org\/{rel}","templated":true}]}}