{"id":4172,"date":"2025-11-17T16:25:16","date_gmt":"2025-11-17T15:25:16","guid":{"rendered":"https:\/\/agora.xtec.cat\/escguillemisarn\/?p=4172"},"modified":"2025-11-19T11:42:55","modified_gmt":"2025-11-19T10:42:55","slug":"xerrada-sobre-multiculturalitat-a-6e","status":"publish","type":"post","link":"https:\/\/agora.xtec.cat\/escguillemisarn\/general\/xerrada-sobre-multiculturalitat-a-6e\/","title":{"rendered":"Xerrada sobre &#8220;Multiculturalitat&#8221; a 6\u00e8"},"content":{"rendered":"<p>Avui l&#8217;alumnat de sis\u00e8 ha realitzat una xerrada, a c\u00e0rrec de la Neus, sobre <strong data-start=\"91\" data-end=\"112\">multiculturalitat<\/strong>, amb l\u2019objectiu d\u2019entendre la import\u00e0ncia de la diversitat en el nostre entorn.<\/p>\n<p>Hem reflexionat sobre les <strong data-start=\"221\" data-end=\"249\">difer\u00e8ncies i semblances<\/strong> que tenim com a grup i sobre com aquestes ens enriqueixen. Tamb\u00e9 hem parlat de <strong data-start=\"331\" data-end=\"369\">toler\u00e0ncia, respecte i conviv\u00e8ncia<\/strong>, destacant que tots i totes formem part d\u2019una comunitat plena de diversitat, la qual \u00e9s un punt fort de la nostra societat. L\u2019activitat ha incl\u00f2s la lectura d\u2019un <strong data-start=\"475\" data-end=\"484\">conte<\/strong>, que ens ha ajudat a connectar amb les <strong data-start=\"524\" data-end=\"536\">emocions <\/strong>que sentim<strong data-start=\"562\" data-end=\"590\">\u00a0quan ens rebutgen<\/strong> i com podem gestionar millor aquests moments.<br data-start=\"636\" data-end=\"639\" \/>El debat ha estat obert i participatiu, fomentant l\u2019escolta activa i el di\u00e0leg entre tot l\u2019alumnat que ha ent\u00e8s que les difer\u00e8ncies <strong data-start=\"760\" data-end=\"790\">no separen, sin\u00f3 que sumen.<\/strong><\/p>\n<p><a href=\"https:\/\/photos.app.goo.gl\/bP3GArceEwovvfj19\">https:\/\/photos.app.goo.gl\/bP3GArceEwovvfj19\u00a0<\/a><\/p>\n","protected":false},"excerpt":{"rendered":"<p>Avui l&#8217;alumnat de sis\u00e8 ha realitzat una xerrada, a c\u00e0rrec de la Neus, sobre multiculturalitat, amb l\u2019objectiu d\u2019entendre la import\u00e0ncia de la diversitat en el nostre entorn.<br \/>\nHem reflexionat sobre les difer\u00e8ncies i semblances que tenim com a grup i sobre com aquestes ens enriqueixen. Tamb\u00e9&hellip;  <a href=\"https:\/\/agora.xtec.cat\/escguillemisarn\/general\/xerrada-sobre-multiculturalitat-a-6e\/\" title=\"Read Xerrada sobre &#8220;Multiculturalitat&#8221; a 6\u00e8\">Llegeix m\u00e9s\u00bb<\/a><\/p>\n","protected":false},"author":36,"featured_media":0,"comment_status":"open","ping_status":"open","sticky":false,"template":"","format":"standard","meta":{"_bbp_topic_count":0,"_bbp_reply_count":0,"_bbp_total_topic_count":0,"_bbp_total_reply_count":0,"_bbp_voice_count":0,"_bbp_anonymous_reply_count":0,"_bbp_topic_count_hidden":0,"_bbp_reply_count_hidden":0,"_bbp_forum_subforum_count":0,"footnotes":""},"categories":[1],"tags":[],"class_list":["post-4172","post","type-post","status-publish","format-standard","hentry","category-general"],"post_mailing_queue_ids":[],"_links":{"self":[{"href":"https:\/\/agora.xtec.cat\/escguillemisarn\/wp-json\/wp\/v2\/posts\/4172","targetHints":{"allow":["GET"]}}],"collection":[{"href":"https:\/\/agora.xtec.cat\/escguillemisarn\/wp-json\/wp\/v2\/posts"}],"about":[{"href":"https:\/\/agora.xtec.cat\/escguillemisarn\/wp-json\/wp\/v2\/types\/post"}],"author":[{"embeddable":true,"href":"https:\/\/agora.xtec.cat\/escguillemisarn\/wp-json\/wp\/v2\/users\/36"}],"replies":[{"embeddable":true,"href":"https:\/\/agora.xtec.cat\/escguillemisarn\/wp-json\/wp\/v2\/comments?post=4172"}],"version-history":[{"count":1,"href":"https:\/\/agora.xtec.cat\/escguillemisarn\/wp-json\/wp\/v2\/posts\/4172\/revisions"}],"predecessor-version":[{"id":4173,"href":"https:\/\/agora.xtec.cat\/escguillemisarn\/wp-json\/wp\/v2\/posts\/4172\/revisions\/4173"}],"wp:attachment":[{"href":"https:\/\/agora.xtec.cat\/escguillemisarn\/wp-json\/wp\/v2\/media?parent=4172"}],"wp:term":[{"taxonomy":"category","embeddable":true,"href":"https:\/\/agora.xtec.cat\/escguillemisarn\/wp-json\/wp\/v2\/categories?post=4172"},{"taxonomy":"post_tag","embeddable":true,"href":"https:\/\/agora.xtec.cat\/escguillemisarn\/wp-json\/wp\/v2\/tags?post=4172"}],"curies":[{"name":"wp","href":"https:\/\/api.w.org\/{rel}","templated":true}]}}