{"id":4153,"date":"2025-11-12T19:23:45","date_gmt":"2025-11-12T18:23:45","guid":{"rendered":"https:\/\/agora.xtec.cat\/escguillemisarn\/?p=4153"},"modified":"2025-11-12T19:23:45","modified_gmt":"2025-11-12T18:23:45","slug":"excursio-a-tarrega-cicle-inicial-i-educacio-infantil","status":"publish","type":"post","link":"https:\/\/agora.xtec.cat\/escguillemisarn\/general\/excursio-a-tarrega-cicle-inicial-i-educacio-infantil\/","title":{"rendered":"Excursi\u00f3 a T\u00e0rrega cicle inicial i educaci\u00f3 infantil"},"content":{"rendered":"<p>El dimarts dia 11 de novembre l&#8217;alumnat de cicle inicial i educaci\u00f3 infantil hem anat d&#8217;excursi\u00f3 a T\u00e0rrega, hem visitat els bombers i ens han explicat la seva feina, els seus uniformes i hem vist les instal\u00b7lacions on treballen i ens ha agradat molt poder pujar al cami\u00f3 de bombers. Tamb\u00e9 ens han ensenyat com fan rescats en al\u00e7ades ja que hem pogut veure l&#8217;escala on pugen per a fer els salvaments.<\/p>\n<p>A la tarda hem anat a Mas de Colom on hem fet uns tallers per treballar els cinc sentits, hem olorat, observat, tocat, escoltat i hem fet un tastet dels productes de Mas de Colom. A continuaci\u00f3 podeu veure un recull de les fotos de la sortida.<\/p>\n<p>Educaci\u00f3 infantil\u00a0 \u00a0 <a href=\"https:\/\/photos.app.goo.gl\/jxG4DLVZ1zcStqCF9\">https:\/\/photos.app.goo.gl\/jxG4DLVZ1zcStqCF9<\/a><\/p>\n<p><a href=\"https:\/\/agora.xtec.cat\/escguillemisarn\/wp-content\/uploads\/usu1631\/2025\/11\/bombers.-2.jpg\"><img loading=\"lazy\" decoding=\"async\" class=\"wp-image-4156 alignleft\" src=\"https:\/\/agora.xtec.cat\/escguillemisarn\/wp-content\/uploads\/usu1631\/2025\/11\/bombers.-2-150x150.jpg\" alt=\"\" width=\"150\" height=\"150\" \/><\/a><\/p>\n<p>Cicle inicial\u00a0 \u00a0<a href=\"https:\/\/photos.app.goo.gl\/ndoR9VE7ifCGqzq39\">https:\/\/photos.app.goo.gl\/ndoR9VE7ifCGqzq39<\/a><\/p>\n<p>&nbsp;<\/p>\n<p>&nbsp;<\/p>\n","protected":false},"excerpt":{"rendered":"<p>El dimarts dia 11 de novembre l&#8217;alumnat de cicle inicial i educaci\u00f3 infantil hem anat d&#8217;excursi\u00f3 a T\u00e0rrega, hem visitat els bombers i ens han explicat la seva feina, els seus uniformes i hem vist les instal\u00b7lacions on treballen i ens ha agradat molt poder&hellip;  <a href=\"https:\/\/agora.xtec.cat\/escguillemisarn\/general\/excursio-a-tarrega-cicle-inicial-i-educacio-infantil\/\" title=\"Read Excursi\u00f3 a T\u00e0rrega cicle inicial i educaci\u00f3 infantil\">Llegeix m\u00e9s\u00bb<\/a><\/p>\n","protected":false},"author":20,"featured_media":0,"comment_status":"open","ping_status":"open","sticky":false,"template":"","format":"standard","meta":{"_bbp_topic_count":0,"_bbp_reply_count":0,"_bbp_total_topic_count":0,"_bbp_total_reply_count":0,"_bbp_voice_count":0,"_bbp_anonymous_reply_count":0,"_bbp_topic_count_hidden":0,"_bbp_reply_count_hidden":0,"_bbp_forum_subforum_count":0,"footnotes":""},"categories":[71,77,1,2,4,5],"tags":[],"class_list":["post-4153","post","type-post","status-publish","format-standard","hentry","category-ci","category-escola-verda","category-general","category-infantil","category-portada","category-primaria"],"post_mailing_queue_ids":[],"_links":{"self":[{"href":"https:\/\/agora.xtec.cat\/escguillemisarn\/wp-json\/wp\/v2\/posts\/4153","targetHints":{"allow":["GET"]}}],"collection":[{"href":"https:\/\/agora.xtec.cat\/escguillemisarn\/wp-json\/wp\/v2\/posts"}],"about":[{"href":"https:\/\/agora.xtec.cat\/escguillemisarn\/wp-json\/wp\/v2\/types\/post"}],"author":[{"embeddable":true,"href":"https:\/\/agora.xtec.cat\/escguillemisarn\/wp-json\/wp\/v2\/users\/20"}],"replies":[{"embeddable":true,"href":"https:\/\/agora.xtec.cat\/escguillemisarn\/wp-json\/wp\/v2\/comments?post=4153"}],"version-history":[{"count":6,"href":"https:\/\/agora.xtec.cat\/escguillemisarn\/wp-json\/wp\/v2\/posts\/4153\/revisions"}],"predecessor-version":[{"id":4162,"href":"https:\/\/agora.xtec.cat\/escguillemisarn\/wp-json\/wp\/v2\/posts\/4153\/revisions\/4162"}],"wp:attachment":[{"href":"https:\/\/agora.xtec.cat\/escguillemisarn\/wp-json\/wp\/v2\/media?parent=4153"}],"wp:term":[{"taxonomy":"category","embeddable":true,"href":"https:\/\/agora.xtec.cat\/escguillemisarn\/wp-json\/wp\/v2\/categories?post=4153"},{"taxonomy":"post_tag","embeddable":true,"href":"https:\/\/agora.xtec.cat\/escguillemisarn\/wp-json\/wp\/v2\/tags?post=4153"}],"curies":[{"name":"wp","href":"https:\/\/api.w.org\/{rel}","templated":true}]}}