{"id":4151,"date":"2025-11-21T09:30:40","date_gmt":"2025-11-21T08:30:40","guid":{"rendered":"https:\/\/agora.xtec.cat\/escguillemisarn\/?p=4151"},"modified":"2025-11-24T12:55:08","modified_gmt":"2025-11-24T11:55:08","slug":"celebrem-santa-cecilia-el-dia-de-la-musica-%f0%9f%8e%b6","status":"publish","type":"post","link":"https:\/\/agora.xtec.cat\/escguillemisarn\/general\/celebrem-santa-cecilia-el-dia-de-la-musica-%f0%9f%8e%b6\/","title":{"rendered":"Celebrem Santa Cec\u00edlia, el Dia de la M\u00fasica! \ud83c\udfb6"},"content":{"rendered":"<p style=\"text-align: left;\">Avui a l\u2019escola hem celebrat Santa Cec\u00edlia, patrona de la m\u00fasica, amb un mat\u00ed ple de m\u00fasica!<\/p>\n<p><img loading=\"lazy\" decoding=\"async\" class=\"alignright\" src=\"https:\/\/iiischools.com\/wp-content\/uploads\/2018\/08\/music-1030x686.jpg\" alt=\"Los beneficios de la m\u00fasica a la hora de aprender - Instituto Internacional de Idiomas\" width=\"276\" height=\"184\" \/><\/p>\n<p style=\"text-align: left;\">Des de primera hora del mat\u00ed, els passadissos i les aules s\u2019han omplert de sons, can\u00e7ons i sorpreses musicals preparades amb molta il\u00b7lusi\u00f3 per tot l&#8217;alumnat de l&#8217;escola.<\/p>\n<p style=\"text-align: left;\">Els infants de tots els cursos han pogut gaudir d\u2019actuacions sorpresa que s&#8217;han anat fent entre classes: m\u00fasica en directe, interpretacions amb instruments i can\u00e7ons corals plenes d&#8217;hist\u00f2ria. Cada grup ha aportat el seu toc especial, mostrant que la m\u00fasica \u00e9s una llengua que tothom pot entendre i compartir.<\/p>\n<p style=\"text-align: left;\">La m\u00fasica ens acompanya, ens inspira, ens fa cr\u00e9ixer i&#8230;ens encanta!<\/p>\n<p style=\"text-align: left;\">Feli\u00e7 dia, m\u00fasics i gr\u00e0cies per fer-ho possible!<\/p>\n<p style=\"text-align: left;\">Imatges de la jornada: <a href=\"https:\/\/photos.app.goo.gl\/qu1AzHxVXUcbEp4E9\">https:\/\/photos.app.goo.gl\/qu1AzHxVXUcbEp4E9\u00a0<\/a><\/p>\n","protected":false},"excerpt":{"rendered":"<p>Avui a l\u2019escola hem celebrat Santa Cec\u00edlia, patrona de la m\u00fasica, amb un mat\u00ed ple de m\u00fasica!<\/p>\n<p>Des de primera hora del mat\u00ed, els passadissos i les aules s\u2019han omplert de sons, can\u00e7ons i sorpreses musicals preparades amb molta il\u00b7lusi\u00f3 per tot l&#8217;alumnat de l&#8217;escola.<br \/>\nEls infants&hellip;  <a href=\"https:\/\/agora.xtec.cat\/escguillemisarn\/general\/celebrem-santa-cecilia-el-dia-de-la-musica-%f0%9f%8e%b6\/\" title=\"Read Celebrem Santa Cec\u00edlia, el Dia de la M\u00fasica! \ud83c\udfb6\">Llegeix m\u00e9s\u00bb<\/a><\/p>\n","protected":false},"author":36,"featured_media":0,"comment_status":"open","ping_status":"open","sticky":false,"template":"","format":"standard","meta":{"_bbp_topic_count":0,"_bbp_reply_count":0,"_bbp_total_topic_count":0,"_bbp_total_reply_count":0,"_bbp_voice_count":0,"_bbp_anonymous_reply_count":0,"_bbp_topic_count_hidden":0,"_bbp_reply_count_hidden":0,"_bbp_forum_subforum_count":0,"footnotes":""},"categories":[1],"tags":[],"class_list":["post-4151","post","type-post","status-publish","format-standard","hentry","category-general"],"post_mailing_queue_ids":[],"_links":{"self":[{"href":"https:\/\/agora.xtec.cat\/escguillemisarn\/wp-json\/wp\/v2\/posts\/4151","targetHints":{"allow":["GET"]}}],"collection":[{"href":"https:\/\/agora.xtec.cat\/escguillemisarn\/wp-json\/wp\/v2\/posts"}],"about":[{"href":"https:\/\/agora.xtec.cat\/escguillemisarn\/wp-json\/wp\/v2\/types\/post"}],"author":[{"embeddable":true,"href":"https:\/\/agora.xtec.cat\/escguillemisarn\/wp-json\/wp\/v2\/users\/36"}],"replies":[{"embeddable":true,"href":"https:\/\/agora.xtec.cat\/escguillemisarn\/wp-json\/wp\/v2\/comments?post=4151"}],"version-history":[{"count":3,"href":"https:\/\/agora.xtec.cat\/escguillemisarn\/wp-json\/wp\/v2\/posts\/4151\/revisions"}],"predecessor-version":[{"id":4178,"href":"https:\/\/agora.xtec.cat\/escguillemisarn\/wp-json\/wp\/v2\/posts\/4151\/revisions\/4178"}],"wp:attachment":[{"href":"https:\/\/agora.xtec.cat\/escguillemisarn\/wp-json\/wp\/v2\/media?parent=4151"}],"wp:term":[{"taxonomy":"category","embeddable":true,"href":"https:\/\/agora.xtec.cat\/escguillemisarn\/wp-json\/wp\/v2\/categories?post=4151"},{"taxonomy":"post_tag","embeddable":true,"href":"https:\/\/agora.xtec.cat\/escguillemisarn\/wp-json\/wp\/v2\/tags?post=4151"}],"curies":[{"name":"wp","href":"https:\/\/api.w.org\/{rel}","templated":true}]}}