{"id":4121,"date":"2025-10-30T13:31:59","date_gmt":"2025-10-30T12:31:59","guid":{"rendered":"https:\/\/agora.xtec.cat\/escguillemisarn\/?p=4121"},"modified":"2025-11-12T11:59:44","modified_gmt":"2025-11-12T10:59:44","slug":"%f0%9f%a7%a0-taller-sexualique-a-cicle-superior","status":"publish","type":"post","link":"https:\/\/agora.xtec.cat\/escguillemisarn\/general\/%f0%9f%a7%a0-taller-sexualique-a-cicle-superior\/","title":{"rendered":"\ud83e\udde0\u00a0Taller \u201cSexualiqu\u00e8?\u201d a Cicle Superior"},"content":{"rendered":"<p><span style=\"color: #000000; font-family: sans-serif; font-size: large;\">L\u2019alumnat de Cicle Superior ha participat en el taller\u00a0<\/span><em style=\"color: #000000; font-family: sans-serif; font-size: large;\">Sexualiqu\u00e8?<\/em><span style=\"color: #000000; font-family: sans-serif; font-size: large;\">, dinamitzat per la psic\u00f2loga L\u00eddia Duran. Durant la sessi\u00f3, han pogut parlar obertament sobre els seus interessos i inquietuds, els canvis f\u00edsics i emocionals de la pubertat, la identitat i molts altres aspectes relacionats amb la sexualitat. Una experi\u00e8ncia enriquidora i plena d\u2019aprenentatges!<\/span><\/p>\n<p>Clicant al seg\u00fcent enlla\u00e7 en podeu veure algunes fotografies:<\/p>\n<p><a href=\"https:\/\/photos.app.goo.gl\/XfGY5odevzDzuSZx8\">https:\/\/photos.app.goo.gl\/XfGY5odevzDzuSZx8<\/a><\/p>\n","protected":false},"excerpt":{"rendered":"<p>L\u2019alumnat de Cicle Superior ha participat en el taller\u00a0Sexualiqu\u00e8?, dinamitzat per la psic\u00f2loga L\u00eddia Duran. Durant la sessi\u00f3, han pogut parlar obertament sobre els seus interessos i inquietuds, els canvis f\u00edsics i emocionals de la pubertat, la identitat i molts altres aspectes relacionats amb la&hellip;  <a href=\"https:\/\/agora.xtec.cat\/escguillemisarn\/general\/%f0%9f%a7%a0-taller-sexualique-a-cicle-superior\/\" title=\"Read \ud83e\udde0\u00a0Taller \u201cSexualiqu\u00e8?\u201d a Cicle Superior\">Llegeix m\u00e9s\u00bb<\/a><\/p>\n","protected":false},"author":7,"featured_media":4123,"comment_status":"open","ping_status":"open","sticky":false,"template":"","format":"standard","meta":{"_bbp_topic_count":0,"_bbp_reply_count":0,"_bbp_total_topic_count":0,"_bbp_total_reply_count":0,"_bbp_voice_count":0,"_bbp_anonymous_reply_count":0,"_bbp_topic_count_hidden":0,"_bbp_reply_count_hidden":0,"_bbp_forum_subforum_count":0,"footnotes":""},"categories":[73,1],"tags":[],"class_list":["post-4121","post","type-post","status-publish","format-standard","has-post-thumbnail","hentry","category-cs","category-general"],"post_mailing_queue_ids":[],"_links":{"self":[{"href":"https:\/\/agora.xtec.cat\/escguillemisarn\/wp-json\/wp\/v2\/posts\/4121","targetHints":{"allow":["GET"]}}],"collection":[{"href":"https:\/\/agora.xtec.cat\/escguillemisarn\/wp-json\/wp\/v2\/posts"}],"about":[{"href":"https:\/\/agora.xtec.cat\/escguillemisarn\/wp-json\/wp\/v2\/types\/post"}],"author":[{"embeddable":true,"href":"https:\/\/agora.xtec.cat\/escguillemisarn\/wp-json\/wp\/v2\/users\/7"}],"replies":[{"embeddable":true,"href":"https:\/\/agora.xtec.cat\/escguillemisarn\/wp-json\/wp\/v2\/comments?post=4121"}],"version-history":[{"count":2,"href":"https:\/\/agora.xtec.cat\/escguillemisarn\/wp-json\/wp\/v2\/posts\/4121\/revisions"}],"predecessor-version":[{"id":4126,"href":"https:\/\/agora.xtec.cat\/escguillemisarn\/wp-json\/wp\/v2\/posts\/4121\/revisions\/4126"}],"wp:featuredmedia":[{"embeddable":true,"href":"https:\/\/agora.xtec.cat\/escguillemisarn\/wp-json\/wp\/v2\/media\/4123"}],"wp:attachment":[{"href":"https:\/\/agora.xtec.cat\/escguillemisarn\/wp-json\/wp\/v2\/media?parent=4121"}],"wp:term":[{"taxonomy":"category","embeddable":true,"href":"https:\/\/agora.xtec.cat\/escguillemisarn\/wp-json\/wp\/v2\/categories?post=4121"},{"taxonomy":"post_tag","embeddable":true,"href":"https:\/\/agora.xtec.cat\/escguillemisarn\/wp-json\/wp\/v2\/tags?post=4121"}],"curies":[{"name":"wp","href":"https:\/\/api.w.org\/{rel}","templated":true}]}}