{"id":4113,"date":"2025-10-30T14:04:08","date_gmt":"2025-10-30T13:04:08","guid":{"rendered":"https:\/\/agora.xtec.cat\/escguillemisarn\/?p=4113"},"modified":"2025-10-30T14:04:08","modified_gmt":"2025-10-30T13:04:08","slug":"hem-anat-al-teatre","status":"publish","type":"post","link":"https:\/\/agora.xtec.cat\/escguillemisarn\/general\/hem-anat-al-teatre\/","title":{"rendered":"Hem anat al teatre!!!"},"content":{"rendered":"<p style=\"text-align: left;\">Avui els nens i nene<a href=\"https:\/\/agora.xtec.cat\/escguillemisarn\/wp-content\/uploads\/usu1631\/2025\/10\/1W0A1166-1200x800-1.jpg\"><img loading=\"lazy\" decoding=\"async\" class=\"wp-image-4114 alignleft\" src=\"https:\/\/agora.xtec.cat\/escguillemisarn\/wp-content\/uploads\/usu1631\/2025\/10\/1W0A1166-1200x800-1-1024x683.jpg\" alt=\"\" width=\"213\" height=\"142\" srcset=\"https:\/\/agora.xtec.cat\/escguillemisarn\/wp-content\/uploads\/usu1631\/2025\/10\/1W0A1166-1200x800-1-1024x683.jpg 1024w, https:\/\/agora.xtec.cat\/escguillemisarn\/wp-content\/uploads\/usu1631\/2025\/10\/1W0A1166-1200x800-1-300x200.jpg 300w, https:\/\/agora.xtec.cat\/escguillemisarn\/wp-content\/uploads\/usu1631\/2025\/10\/1W0A1166-1200x800-1-768x512.jpg 768w, https:\/\/agora.xtec.cat\/escguillemisarn\/wp-content\/uploads\/usu1631\/2025\/10\/1W0A1166-1200x800-1.jpg 1200w\" sizes=\"auto, (max-width: 213px) 100vw, 213px\" \/><\/a>s d&#8217;I4 i d&#8217;I5 han anat al Teatre Ateneu de T\u00e0rrega per veure l&#8217;obra &#8220;Bon profit&#8221; (de Cia. Tanaka Teatre), activitat oferida pel\u00a0 XXV Programa Comarcal de Suport a l&#8217;Educaci\u00f3. A trav\u00e9s d&#8217;aquest espectacle l&#8217;alumnat ha descobert la m\u00e0gia de menjar sa i ha disfrutat d&#8217;hist\u00f2ries divertides de les verdures. Us deixem un tastet d&#8217;imatges! Aix\u00ed que&#8230; bon profit!<\/p>\n<p><a href=\"https:\/\/photos.app.goo.gl\/iK4CEdoVMYAzuADv6\">https:\/\/photos.app.goo.gl\/iK4CEdoVMYAzuADv6<\/a><\/p>\n<p>&nbsp;<\/p>\n","protected":false},"excerpt":{"rendered":"<p>Avui els nens i nene<a href=\"https:\/\/agora.xtec.cat\/escguillemisarn\/wp-content\/uploads\/usu1631\/2025\/10\/1W0A1166-1200x800-1.jpg\"><\/a>s d&#8217;I4 i d&#8217;I5 han anat al Teatre Ateneu de T\u00e0rrega per veure l&#8217;obra &#8220;Bon profit&#8221; (de Cia. Tanaka Teatre), activitat oferida pel\u00a0 XXV Programa Comarcal de Suport a l&#8217;Educaci\u00f3. A trav\u00e9s d&#8217;aquest espectacle l&#8217;alumnat ha descobert la m\u00e0gia de&hellip;  <a href=\"https:\/\/agora.xtec.cat\/escguillemisarn\/general\/hem-anat-al-teatre\/\" title=\"Read Hem anat al teatre!!!\">Llegeix m\u00e9s\u00bb<\/a><\/p>\n","protected":false},"author":14,"featured_media":0,"comment_status":"open","ping_status":"open","sticky":false,"template":"","format":"standard","meta":{"_bbp_topic_count":0,"_bbp_reply_count":0,"_bbp_total_topic_count":0,"_bbp_total_reply_count":0,"_bbp_voice_count":0,"_bbp_anonymous_reply_count":0,"_bbp_topic_count_hidden":0,"_bbp_reply_count_hidden":0,"_bbp_forum_subforum_count":0,"footnotes":""},"categories":[1,2,4],"tags":[],"class_list":["post-4113","post","type-post","status-publish","format-standard","hentry","category-general","category-infantil","category-portada"],"post_mailing_queue_ids":[],"_links":{"self":[{"href":"https:\/\/agora.xtec.cat\/escguillemisarn\/wp-json\/wp\/v2\/posts\/4113","targetHints":{"allow":["GET"]}}],"collection":[{"href":"https:\/\/agora.xtec.cat\/escguillemisarn\/wp-json\/wp\/v2\/posts"}],"about":[{"href":"https:\/\/agora.xtec.cat\/escguillemisarn\/wp-json\/wp\/v2\/types\/post"}],"author":[{"embeddable":true,"href":"https:\/\/agora.xtec.cat\/escguillemisarn\/wp-json\/wp\/v2\/users\/14"}],"replies":[{"embeddable":true,"href":"https:\/\/agora.xtec.cat\/escguillemisarn\/wp-json\/wp\/v2\/comments?post=4113"}],"version-history":[{"count":3,"href":"https:\/\/agora.xtec.cat\/escguillemisarn\/wp-json\/wp\/v2\/posts\/4113\/revisions"}],"predecessor-version":[{"id":4128,"href":"https:\/\/agora.xtec.cat\/escguillemisarn\/wp-json\/wp\/v2\/posts\/4113\/revisions\/4128"}],"wp:attachment":[{"href":"https:\/\/agora.xtec.cat\/escguillemisarn\/wp-json\/wp\/v2\/media?parent=4113"}],"wp:term":[{"taxonomy":"category","embeddable":true,"href":"https:\/\/agora.xtec.cat\/escguillemisarn\/wp-json\/wp\/v2\/categories?post=4113"},{"taxonomy":"post_tag","embeddable":true,"href":"https:\/\/agora.xtec.cat\/escguillemisarn\/wp-json\/wp\/v2\/tags?post=4113"}],"curies":[{"name":"wp","href":"https:\/\/api.w.org\/{rel}","templated":true}]}}