{"id":4110,"date":"2025-10-24T17:34:31","date_gmt":"2025-10-24T15:34:31","guid":{"rendered":"https:\/\/agora.xtec.cat\/escguillemisarn\/?p=4110"},"modified":"2025-10-24T17:35:25","modified_gmt":"2025-10-24T15:35:25","slug":"setmana-bio","status":"publish","type":"post","link":"https:\/\/agora.xtec.cat\/escguillemisarn\/general\/setmana-bio\/","title":{"rendered":"SETMANA BIO"},"content":{"rendered":"<p style=\"text-align: left;\">La\u00a0<strong>Setmana Bio per l\u2019alimentaci\u00f3 ecol\u00f2gica<\/strong> \u00e9s un esdeveniment en el que es celebren tot un conjunt d\u2019activitats amb l\u2019objectiu com\u00fa de promocionar i donar a con\u00e8ixer la producci\u00f3 i alimentaci\u00f3 ecol\u00f2giques a tota la poblaci\u00f3.<img loading=\"lazy\" decoding=\"async\" class=\"size-full wp-image-4111 alignleft\" src=\"https:\/\/agora.xtec.cat\/escguillemisarn\/wp-content\/uploads\/usu1631\/2025\/10\/Baner_SetmanaBio_400x110.jpg\" alt=\"\" width=\"400\" height=\"110\" srcset=\"https:\/\/agora.xtec.cat\/escguillemisarn\/wp-content\/uploads\/usu1631\/2025\/10\/Baner_SetmanaBio_400x110.jpg 400w, https:\/\/agora.xtec.cat\/escguillemisarn\/wp-content\/uploads\/usu1631\/2025\/10\/Baner_SetmanaBio_400x110-300x83.jpg 300w\" sizes=\"auto, (max-width: 400px) 100vw, 400px\" \/><\/p>\n<p>Des de l&#8217;escola tamb\u00e9 hi hem volgut participar!! Algunes mestres han assistit a una formaci\u00f3 per aprofundir en el funcionament i la gesti\u00f3 de l\u2019hort escolar. A m\u00e9s, hem ampliat el nostre hort amb la plantaci\u00f3 de nous vegetals de temporada com enciams, cebes, raves, br\u00f2quil i espinacs.<\/p>\n<p>Tamb\u00e9 hem parlat de la import\u00e0ncia d\u2019utilitzar el <strong data-start=\"699\" data-end=\"713\">boc\u2019n\u2019roll<\/strong> per reduir residus, i n\u2019hem repartit als alumnes de 1r i 5\u00e8. Finalment, hem treballat el coneixement dels <strong data-start=\"820\" data-end=\"845\">aliments de temporada<\/strong>, destacant la import\u00e0ncia de consumir-los en el moment adequat.<\/p>\n<p>Entre tots, hem de prendre consci\u00e8ncia de la import\u00e0ncia d&#8217;una alimentaci\u00f3 saludable, sostenible i respectuosa amb el medi ambient!!!<\/p>\n<p><a href=\"https:\/\/photos.app.goo.gl\/kkQRhE9mNdixo8rx5\">https:\/\/photos.app.goo.gl\/kkQRhE9mNdixo8rx5<\/a><\/p>\n","protected":false},"excerpt":{"rendered":"<p>La\u00a0Setmana Bio per l\u2019alimentaci\u00f3 ecol\u00f2gica \u00e9s un esdeveniment en el que es celebren tot un conjunt d\u2019activitats amb l\u2019objectiu com\u00fa de promocionar i donar a con\u00e8ixer la producci\u00f3 i alimentaci\u00f3 ecol\u00f2giques a tota la poblaci\u00f3.<br \/>\nDes de l&#8217;escola tamb\u00e9 hi hem volgut participar!! Algunes mestres han&hellip;  <a href=\"https:\/\/agora.xtec.cat\/escguillemisarn\/general\/setmana-bio\/\" title=\"Read SETMANA BIO\">Llegeix m\u00e9s\u00bb<\/a><\/p>\n","protected":false},"author":13,"featured_media":0,"comment_status":"open","ping_status":"open","sticky":false,"template":"","format":"standard","meta":{"_bbp_topic_count":0,"_bbp_reply_count":0,"_bbp_total_topic_count":0,"_bbp_total_reply_count":0,"_bbp_voice_count":0,"_bbp_anonymous_reply_count":0,"_bbp_topic_count_hidden":0,"_bbp_reply_count_hidden":0,"_bbp_forum_subforum_count":0,"footnotes":""},"categories":[77,1,2,4,5],"tags":[],"class_list":["post-4110","post","type-post","status-publish","format-standard","hentry","category-escola-verda","category-general","category-infantil","category-portada","category-primaria"],"post_mailing_queue_ids":[],"_links":{"self":[{"href":"https:\/\/agora.xtec.cat\/escguillemisarn\/wp-json\/wp\/v2\/posts\/4110","targetHints":{"allow":["GET"]}}],"collection":[{"href":"https:\/\/agora.xtec.cat\/escguillemisarn\/wp-json\/wp\/v2\/posts"}],"about":[{"href":"https:\/\/agora.xtec.cat\/escguillemisarn\/wp-json\/wp\/v2\/types\/post"}],"author":[{"embeddable":true,"href":"https:\/\/agora.xtec.cat\/escguillemisarn\/wp-json\/wp\/v2\/users\/13"}],"replies":[{"embeddable":true,"href":"https:\/\/agora.xtec.cat\/escguillemisarn\/wp-json\/wp\/v2\/comments?post=4110"}],"version-history":[{"count":1,"href":"https:\/\/agora.xtec.cat\/escguillemisarn\/wp-json\/wp\/v2\/posts\/4110\/revisions"}],"predecessor-version":[{"id":4112,"href":"https:\/\/agora.xtec.cat\/escguillemisarn\/wp-json\/wp\/v2\/posts\/4110\/revisions\/4112"}],"wp:attachment":[{"href":"https:\/\/agora.xtec.cat\/escguillemisarn\/wp-json\/wp\/v2\/media?parent=4110"}],"wp:term":[{"taxonomy":"category","embeddable":true,"href":"https:\/\/agora.xtec.cat\/escguillemisarn\/wp-json\/wp\/v2\/categories?post=4110"},{"taxonomy":"post_tag","embeddable":true,"href":"https:\/\/agora.xtec.cat\/escguillemisarn\/wp-json\/wp\/v2\/tags?post=4110"}],"curies":[{"name":"wp","href":"https:\/\/api.w.org\/{rel}","templated":true}]}}