{"id":4097,"date":"2025-10-17T17:52:03","date_gmt":"2025-10-17T15:52:03","guid":{"rendered":"https:\/\/agora.xtec.cat\/escguillemisarn\/?p=4097"},"modified":"2025-10-17T17:52:03","modified_gmt":"2025-10-17T15:52:03","slug":"primers-dies-a-educacio-infantil","status":"publish","type":"post","link":"https:\/\/agora.xtec.cat\/escguillemisarn\/general\/primers-dies-a-educacio-infantil\/","title":{"rendered":"PRIMERS DIES A EDUCACI\u00d3 INFANTIL"},"content":{"rendered":"<p style=\"text-align: left;\"><a href=\"https:\/\/agora.xtec.cat\/escguillemisarn\/wp-content\/uploads\/usu1631\/2025\/10\/minimons-colors-17.jpg\"><img loading=\"lazy\" decoding=\"async\" class=\"wp-image-4102 alignleft\" src=\"https:\/\/agora.xtec.cat\/escguillemisarn\/wp-content\/uploads\/usu1631\/2025\/10\/minimons-colors-17-1024x576.jpg\" alt=\"\" width=\"238\" height=\"134\" srcset=\"https:\/\/agora.xtec.cat\/escguillemisarn\/wp-content\/uploads\/usu1631\/2025\/10\/minimons-colors-17-1024x576.jpg 1024w, https:\/\/agora.xtec.cat\/escguillemisarn\/wp-content\/uploads\/usu1631\/2025\/10\/minimons-colors-17-300x169.jpg 300w, https:\/\/agora.xtec.cat\/escguillemisarn\/wp-content\/uploads\/usu1631\/2025\/10\/minimons-colors-17-768x432.jpg 768w, https:\/\/agora.xtec.cat\/escguillemisarn\/wp-content\/uploads\/usu1631\/2025\/10\/minimons-colors-17.jpg 1280w\" sizes=\"auto, (max-width: 238px) 100vw, 238px\" \/><\/a> Els alumnes d&#8217;educaci\u00f3 infantil hem comen\u00e7at a l&#8217;escola. Aquests primers dies de retrobament, d&#8217;activitats, d&#8217;engegada de nous tallers i projectes ho hem estat gaudint molt i volem compartir aquests moments amb tots vosaltres. Us deixem l&#8217;enlla\u00e7 per poder veure les fotografies de la retrobada i el comen\u00e7ament d&#8217;aquest nou viatge per als m\u00e9s petits de l&#8217;escola.<\/p>\n<p>I5\u00a0 \u00a0 \u00a0<a href=\"https:\/\/photos.app.goo.gl\/gWR82rpwA33QBWDY8\">https:\/\/photos.app.goo.gl\/gWR82rpwA33QBWDY8<\/a><\/p>\n<p>I4\u00a0 \u00a0 \u00a0<a style=\"font-family: inherit; font-size: 1em;\" href=\"https:\/\/photos.app.goo.gl\/CGLCLWfpX6Cs4zFd7\">https:\/\/photos.app.goo.gl\/CGLCLWfpX6Cs4zFd7<\/a><\/p>\n<p>I3<a href=\"https:\/\/photos.app.goo.gl\/jyxrYULrKUyPvxJM8\">\u00a0 \u00a0 \u00a0https:\/\/photos.app.goo.gl\/jyxrYULrKUyPvxJM8i3<\/a><\/p>\n","protected":false},"excerpt":{"rendered":"<p><a href=\"https:\/\/agora.xtec.cat\/escguillemisarn\/wp-content\/uploads\/usu1631\/2025\/10\/minimons-colors-17.jpg\"><\/a> Els alumnes d&#8217;educaci\u00f3 infantil hem comen\u00e7at a l&#8217;escola. Aquests primers dies de retrobament, d&#8217;activitats, d&#8217;engegada de nous tallers i projectes ho hem estat gaudint molt i volem compartir aquests moments amb tots vosaltres. Us deixem l&#8217;enlla\u00e7 per poder veure les fotografies de la&hellip;  <a href=\"https:\/\/agora.xtec.cat\/escguillemisarn\/general\/primers-dies-a-educacio-infantil\/\" title=\"Read PRIMERS DIES A EDUCACI\u00d3 INFANTIL\">Llegeix m\u00e9s\u00bb<\/a><\/p>\n","protected":false},"author":20,"featured_media":0,"comment_status":"open","ping_status":"open","sticky":false,"template":"","format":"standard","meta":{"_bbp_topic_count":0,"_bbp_reply_count":0,"_bbp_total_topic_count":0,"_bbp_total_reply_count":0,"_bbp_voice_count":0,"_bbp_anonymous_reply_count":0,"_bbp_topic_count_hidden":0,"_bbp_reply_count_hidden":0,"_bbp_forum_subforum_count":0,"footnotes":""},"categories":[1,2,4],"tags":[],"class_list":["post-4097","post","type-post","status-publish","format-standard","hentry","category-general","category-infantil","category-portada"],"post_mailing_queue_ids":[],"_links":{"self":[{"href":"https:\/\/agora.xtec.cat\/escguillemisarn\/wp-json\/wp\/v2\/posts\/4097","targetHints":{"allow":["GET"]}}],"collection":[{"href":"https:\/\/agora.xtec.cat\/escguillemisarn\/wp-json\/wp\/v2\/posts"}],"about":[{"href":"https:\/\/agora.xtec.cat\/escguillemisarn\/wp-json\/wp\/v2\/types\/post"}],"author":[{"embeddable":true,"href":"https:\/\/agora.xtec.cat\/escguillemisarn\/wp-json\/wp\/v2\/users\/20"}],"replies":[{"embeddable":true,"href":"https:\/\/agora.xtec.cat\/escguillemisarn\/wp-json\/wp\/v2\/comments?post=4097"}],"version-history":[{"count":6,"href":"https:\/\/agora.xtec.cat\/escguillemisarn\/wp-json\/wp\/v2\/posts\/4097\/revisions"}],"predecessor-version":[{"id":4105,"href":"https:\/\/agora.xtec.cat\/escguillemisarn\/wp-json\/wp\/v2\/posts\/4097\/revisions\/4105"}],"wp:attachment":[{"href":"https:\/\/agora.xtec.cat\/escguillemisarn\/wp-json\/wp\/v2\/media?parent=4097"}],"wp:term":[{"taxonomy":"category","embeddable":true,"href":"https:\/\/agora.xtec.cat\/escguillemisarn\/wp-json\/wp\/v2\/categories?post=4097"},{"taxonomy":"post_tag","embeddable":true,"href":"https:\/\/agora.xtec.cat\/escguillemisarn\/wp-json\/wp\/v2\/tags?post=4097"}],"curies":[{"name":"wp","href":"https:\/\/api.w.org\/{rel}","templated":true}]}}