{"id":4094,"date":"2025-10-16T11:14:15","date_gmt":"2025-10-16T09:14:15","guid":{"rendered":"https:\/\/agora.xtec.cat\/escguillemisarn\/?p=4094"},"modified":"2025-10-16T11:14:15","modified_gmt":"2025-10-16T09:14:15","slug":"comencen-els-tallers-dels-divendres","status":"publish","type":"post","link":"https:\/\/agora.xtec.cat\/escguillemisarn\/general\/comencen-els-tallers-dels-divendres\/","title":{"rendered":"Comencen els TALLERS DELS DIVENDRES"},"content":{"rendered":"<h3 data-start=\"158\" data-end=\"208\"><strong data-start=\"162\" data-end=\"208\"><a href=\"https:\/\/agora.xtec.cat\/escguillemisarn\/wp-content\/uploads\/usu1631\/2025\/10\/Salvador-OKok.png\"><img loading=\"lazy\" decoding=\"async\" class=\"wp-image-4095 alignleft\" src=\"https:\/\/agora.xtec.cat\/escguillemisarn\/wp-content\/uploads\/usu1631\/2025\/10\/Salvador-OKok-1024x454.png\" alt=\"\" width=\"395\" height=\"175\" srcset=\"https:\/\/agora.xtec.cat\/escguillemisarn\/wp-content\/uploads\/usu1631\/2025\/10\/Salvador-OKok-1024x454.png 1024w, https:\/\/agora.xtec.cat\/escguillemisarn\/wp-content\/uploads\/usu1631\/2025\/10\/Salvador-OKok-300x133.png 300w, https:\/\/agora.xtec.cat\/escguillemisarn\/wp-content\/uploads\/usu1631\/2025\/10\/Salvador-OKok-768x341.png 768w, https:\/\/agora.xtec.cat\/escguillemisarn\/wp-content\/uploads\/usu1631\/2025\/10\/Salvador-OKok.png 1263w\" sizes=\"auto, (max-width: 395px) 100vw, 395px\" \/><\/a>Ja hem engegat els Tallers dels Divendres!<\/strong><\/h3>\n<p data-start=\"210\" data-end=\"472\">L\u2019activitat estrella de la nostra escola ja \u00e9s aqu\u00ed! \ud83c\udf89<br data-start=\"265\" data-end=\"268\" \/>Fa dues setmanes que hem donat el tret de sortida als <strong data-start=\"322\" data-end=\"348\">Tallers dels divendres<\/strong>, un espai molt especial que ens permet aprendre, cr\u00e9ixer i compartir experi\u00e8ncies d\u2019una manera diferent i molt enriquidora.<\/p>\n<p data-start=\"474\" data-end=\"766\">Aquest curs comptem amb <strong data-start=\"498\" data-end=\"556\">11 tallers plens de creativitat, moviment i descoberta<\/strong>:<br data-start=\"557\" data-end=\"560\" \/>\ud83c\udf08 <em data-start=\"563\" data-end=\"579\">Aula sensorial<\/em>, \ud83e\ude98 <em data-start=\"584\" data-end=\"604\">La tribu del ritme<\/em>, \ud83c\udf0d <em data-start=\"609\" data-end=\"614\">ODS<\/em>, \ud83d\udcd6 <em data-start=\"619\" data-end=\"639\">Explica\u2019m un conte<\/em>, \ud83e\udd16 <em data-start=\"644\" data-end=\"654\">Rob\u00f2tica<\/em>, \ud83d\udc83 <em data-start=\"659\" data-end=\"669\">Sardanes<\/em>, \ud83c\udf31 <em data-start=\"674\" data-end=\"680\" data-is-only-node=\"\">Hort<\/em>, \ud83c\udfb2 <em data-start=\"685\" data-end=\"693\">Juguem<\/em>, \ud83e\uddd8 <em data-start=\"698\" data-end=\"721\">Dance &amp; Ioga for Kids<\/em>, \ud83c\udf73 <em data-start=\"726\" data-end=\"739\">Little Chef<\/em> i \ud83c\udfb6 <em data-start=\"745\" data-end=\"763\">Viatges musicals<\/em>.<\/p>\n<p data-start=\"768\" data-end=\"1027\">Cada divendres, els nens i nenes s\u2019endinsen en aquests espais on el joc, l\u2019experimentaci\u00f3 i el treball en equip s\u00f3n protagonistes. \u00c9s un moment molt esperat de la setmana, on tothom pot expressar-se, descobrir nous interessos i, sobretot, <strong data-start=\"1007\" data-end=\"1026\">gaudir aprenent<\/strong>.<\/p>\n<p data-start=\"1029\" data-end=\"1141\">\ud83d\udcf8 Les fam\u00edlies podeu veure algunes <strong data-start=\"1065\" data-end=\"1101\">imatges de les primeres sessions<\/strong> al seg\u00fcent enlla\u00e7:\u00a0<a href=\"https:\/\/photos.app.goo.gl\/zQNCGgpKjvryyBxd9\">https:\/\/photos.app.goo.gl\/zQNCGgpKjvryyBxd9<\/a><\/p>\n<p data-start=\"1143\" data-end=\"1237\">Gr\u00e0cies per ser part d\u2019aquesta gran aventura educativa que fem possible entre tots i totes! \ud83d\udc9b<\/p>\n","protected":false},"excerpt":{"rendered":"<p><a href=\"https:\/\/agora.xtec.cat\/escguillemisarn\/wp-content\/uploads\/usu1631\/2025\/10\/Salvador-OKok.png\"><\/a>Ja hem engegat els Tallers dels Divendres!<br \/>\nL\u2019activitat estrella de la nostra escola ja \u00e9s aqu\u00ed! \ud83c\udf89Fa dues setmanes que hem donat el tret de sortida als Tallers dels divendres, un espai molt especial que ens permet aprendre, cr\u00e9ixer i compartir experi\u00e8ncies d\u2019una manera diferent&hellip;  <a href=\"https:\/\/agora.xtec.cat\/escguillemisarn\/general\/comencen-els-tallers-dels-divendres\/\" title=\"Read Comencen els TALLERS DELS DIVENDRES\">Llegeix m\u00e9s\u00bb<\/a><\/p>\n","protected":false},"author":1,"featured_media":0,"comment_status":"open","ping_status":"open","sticky":false,"template":"","format":"standard","meta":{"_bbp_topic_count":0,"_bbp_reply_count":0,"_bbp_total_topic_count":0,"_bbp_total_reply_count":0,"_bbp_voice_count":0,"_bbp_anonymous_reply_count":0,"_bbp_topic_count_hidden":0,"_bbp_reply_count_hidden":0,"_bbp_forum_subforum_count":0,"footnotes":""},"categories":[71,72,73,1,2,4,5],"tags":[],"class_list":["post-4094","post","type-post","status-publish","format-standard","hentry","category-ci","category-cm","category-cs","category-general","category-infantil","category-portada","category-primaria"],"post_mailing_queue_ids":[],"_links":{"self":[{"href":"https:\/\/agora.xtec.cat\/escguillemisarn\/wp-json\/wp\/v2\/posts\/4094","targetHints":{"allow":["GET"]}}],"collection":[{"href":"https:\/\/agora.xtec.cat\/escguillemisarn\/wp-json\/wp\/v2\/posts"}],"about":[{"href":"https:\/\/agora.xtec.cat\/escguillemisarn\/wp-json\/wp\/v2\/types\/post"}],"author":[{"embeddable":true,"href":"https:\/\/agora.xtec.cat\/escguillemisarn\/wp-json\/wp\/v2\/users\/1"}],"replies":[{"embeddable":true,"href":"https:\/\/agora.xtec.cat\/escguillemisarn\/wp-json\/wp\/v2\/comments?post=4094"}],"version-history":[{"count":1,"href":"https:\/\/agora.xtec.cat\/escguillemisarn\/wp-json\/wp\/v2\/posts\/4094\/revisions"}],"predecessor-version":[{"id":4096,"href":"https:\/\/agora.xtec.cat\/escguillemisarn\/wp-json\/wp\/v2\/posts\/4094\/revisions\/4096"}],"wp:attachment":[{"href":"https:\/\/agora.xtec.cat\/escguillemisarn\/wp-json\/wp\/v2\/media?parent=4094"}],"wp:term":[{"taxonomy":"category","embeddable":true,"href":"https:\/\/agora.xtec.cat\/escguillemisarn\/wp-json\/wp\/v2\/categories?post=4094"},{"taxonomy":"post_tag","embeddable":true,"href":"https:\/\/agora.xtec.cat\/escguillemisarn\/wp-json\/wp\/v2\/tags?post=4094"}],"curies":[{"name":"wp","href":"https:\/\/api.w.org\/{rel}","templated":true}]}}