{"id":4075,"date":"2025-10-06T12:06:20","date_gmt":"2025-10-06T10:06:20","guid":{"rendered":"https:\/\/agora.xtec.cat\/escguillemisarn\/?p=4075"},"modified":"2025-10-06T12:06:20","modified_gmt":"2025-10-06T10:06:20","slug":"mobilitat-segura-a-3r","status":"publish","type":"post","link":"https:\/\/agora.xtec.cat\/escguillemisarn\/general\/mobilitat-segura-a-3r\/","title":{"rendered":"MOBILITAT SEGURA A 3r"},"content":{"rendered":"<p><a href=\"https:\/\/agora.xtec.cat\/escguillemisarn\/wp-content\/uploads\/usu1631\/2025\/10\/seguretat-vial-nens.webp\"><img loading=\"lazy\" decoding=\"async\" class=\"alignnone size-full wp-image-4076\" src=\"https:\/\/agora.xtec.cat\/escguillemisarn\/wp-content\/uploads\/usu1631\/2025\/10\/seguretat-vial-nens.webp\" alt=\"\" width=\"741\" height=\"836\" srcset=\"https:\/\/agora.xtec.cat\/escguillemisarn\/wp-content\/uploads\/usu1631\/2025\/10\/seguretat-vial-nens.webp 741w, https:\/\/agora.xtec.cat\/escguillemisarn\/wp-content\/uploads\/usu1631\/2025\/10\/seguretat-vial-nens-266x300.webp 266w\" sizes=\"auto, (max-width: 741px) 100vw, 741px\" \/><\/a><\/p>\n<p>Aquest mat\u00ed els alumnes de 3r han rebut la visita del Jordi i l\u00b4\u00d2scar, mossos d\u00b4esquadra, els quals han explicats als nens i nenes de tercer aspectes sobre la seva mobilitat segura: que han de fer quan han de creuar un carrer o carretera, per on han de circular quan van amb bicicleta, que cal fer quan pugem al cotxe,&#8230; Tot l\u00b4alumnat ha estat molt at\u00e9n i han aportat les seves viv\u00e8ncies sobre els aspectes que els anaven explicant. A m\u00e9s a m\u00e9s hem fet classe pr\u00e0ctica del cintur\u00f3 de seguretat al cotxe i com circular amb bicicleta.<\/p>\n<p>Moltes gr\u00e0cies Jordi i \u00d2scar.<\/p>\n<p>Aqu\u00ed us deixem les\u00a0 \u00a0 <a href=\"https:\/\/photos.app.goo.gl\/rujCu38WkU71MWCN7\">FOTOS<\/a>\u00a0 de l\u00b4experi\u00e8ncia viscuda.<\/p>\n","protected":false},"excerpt":{"rendered":"<p><a href=\"https:\/\/agora.xtec.cat\/escguillemisarn\/wp-content\/uploads\/usu1631\/2025\/10\/seguretat-vial-nens.webp\"><\/a><br \/>\nAquest mat\u00ed els alumnes de 3r han rebut la visita del Jordi i l\u00b4\u00d2scar, mossos d\u00b4esquadra, els quals han explicats als nens i nenes de tercer aspectes sobre la seva mobilitat segura: que han de fer quan han de creuar un carrer o carretera,&hellip;  <a href=\"https:\/\/agora.xtec.cat\/escguillemisarn\/general\/mobilitat-segura-a-3r\/\" title=\"Read MOBILITAT SEGURA A 3r\">Llegeix m\u00e9s\u00bb<\/a><\/p>\n","protected":false},"author":41,"featured_media":4076,"comment_status":"open","ping_status":"open","sticky":false,"template":"","format":"standard","meta":{"_bbp_topic_count":0,"_bbp_reply_count":0,"_bbp_total_topic_count":0,"_bbp_total_reply_count":0,"_bbp_voice_count":0,"_bbp_anonymous_reply_count":0,"_bbp_topic_count_hidden":0,"_bbp_reply_count_hidden":0,"_bbp_forum_subforum_count":0,"footnotes":""},"categories":[72,1,4,5],"tags":[],"class_list":["post-4075","post","type-post","status-publish","format-standard","has-post-thumbnail","hentry","category-cm","category-general","category-portada","category-primaria"],"post_mailing_queue_ids":[],"_links":{"self":[{"href":"https:\/\/agora.xtec.cat\/escguillemisarn\/wp-json\/wp\/v2\/posts\/4075","targetHints":{"allow":["GET"]}}],"collection":[{"href":"https:\/\/agora.xtec.cat\/escguillemisarn\/wp-json\/wp\/v2\/posts"}],"about":[{"href":"https:\/\/agora.xtec.cat\/escguillemisarn\/wp-json\/wp\/v2\/types\/post"}],"author":[{"embeddable":true,"href":"https:\/\/agora.xtec.cat\/escguillemisarn\/wp-json\/wp\/v2\/users\/41"}],"replies":[{"embeddable":true,"href":"https:\/\/agora.xtec.cat\/escguillemisarn\/wp-json\/wp\/v2\/comments?post=4075"}],"version-history":[{"count":1,"href":"https:\/\/agora.xtec.cat\/escguillemisarn\/wp-json\/wp\/v2\/posts\/4075\/revisions"}],"predecessor-version":[{"id":4077,"href":"https:\/\/agora.xtec.cat\/escguillemisarn\/wp-json\/wp\/v2\/posts\/4075\/revisions\/4077"}],"wp:featuredmedia":[{"embeddable":true,"href":"https:\/\/agora.xtec.cat\/escguillemisarn\/wp-json\/wp\/v2\/media\/4076"}],"wp:attachment":[{"href":"https:\/\/agora.xtec.cat\/escguillemisarn\/wp-json\/wp\/v2\/media?parent=4075"}],"wp:term":[{"taxonomy":"category","embeddable":true,"href":"https:\/\/agora.xtec.cat\/escguillemisarn\/wp-json\/wp\/v2\/categories?post=4075"},{"taxonomy":"post_tag","embeddable":true,"href":"https:\/\/agora.xtec.cat\/escguillemisarn\/wp-json\/wp\/v2\/tags?post=4075"}],"curies":[{"name":"wp","href":"https:\/\/api.w.org\/{rel}","templated":true}]}}