{"id":4071,"date":"2025-10-03T20:29:47","date_gmt":"2025-10-03T18:29:47","guid":{"rendered":"https:\/\/agora.xtec.cat\/escguillemisarn\/?p=4071"},"modified":"2025-10-06T13:50:59","modified_gmt":"2025-10-06T11:50:59","slug":"taller-de-respecte-a-4t","status":"publish","type":"post","link":"https:\/\/agora.xtec.cat\/escguillemisarn\/general\/taller-de-respecte-a-4t\/","title":{"rendered":"TALLER DE RESPECTE A 4T"},"content":{"rendered":"<p><img loading=\"lazy\" decoding=\"async\" class=\"attachment-266x266 size-266x266 alignleft\" src=\"https:\/\/agora.xtec.cat\/escguillemisarn\/wp-content\/uploads\/usu1631\/2025\/10\/Respecte.jpg\" sizes=\"auto, (max-width: 266px) 100vw, 266px\" srcset=\"https:\/\/agora.xtec.cat\/escguillemisarn\/wp-content\/uploads\/usu1631\/2025\/10\/Respecte.jpg 1600w, https:\/\/agora.xtec.cat\/escguillemisarn\/wp-content\/uploads\/usu1631\/2025\/10\/Respecte-300x225.jpg 300w, https:\/\/agora.xtec.cat\/escguillemisarn\/wp-content\/uploads\/usu1631\/2025\/10\/Respecte-1024x768.jpg 1024w, https:\/\/agora.xtec.cat\/escguillemisarn\/wp-content\/uploads\/usu1631\/2025\/10\/Respecte-768x576.jpg 768w, https:\/\/agora.xtec.cat\/escguillemisarn\/wp-content\/uploads\/usu1631\/2025\/10\/Respecte-1536x1152.jpg 1536w, https:\/\/agora.xtec.cat\/escguillemisarn\/wp-content\/uploads\/usu1631\/2025\/10\/Respecte-200x150.jpg 200w\" alt=\"\" width=\"266\" height=\"200\" \/><\/p>\n<p>Benvolgudes fam\u00edlies, aquest dimecres 1 d&#8217;octubre l&#8217;Encarna, mossa d&#8217;esquadra va venir a l&#8217;escola per impartir-nos un taller de RESPECTE. \u00c9s un nou taller per conscienciar, prevenir i detectar casos d&#8217;assetjament entre iguals. <b>Va explicar l&#8217;assetjament amb exemples concrets i identificables<\/b> de l&#8217;entorn escolar, com ara excloure alg\u00fa del joc, riure&#8217;s d&#8217;un company o enviar missatges desagradables (ciberassetjament). Aix\u00f2 va fer que la situaci\u00f3 es perceb\u00e9s com a <b>real i propera.<\/b><\/p>\n<p><a href=\"https:\/\/photos.app.goo.gl\/kmMUPwUpdFMjfoFcA\">FOTOS<\/a><\/p>\n<h1 class=\"cl-article-header__titol\"><\/h1>\n","protected":false},"excerpt":{"rendered":"<p>Benvolgudes fam\u00edlies, aquest dimecres 1 d&#8217;octubre l&#8217;Encarna, mossa d&#8217;esquadra va venir a l&#8217;escola per impartir-nos un taller de RESPECTE. \u00c9s un nou taller per conscienciar, prevenir i detectar casos d&#8217;assetjament entre iguals. Va explicar l&#8217;assetjament amb exemples concrets i identificables de l&#8217;entorn escolar, com ara&hellip;  <a href=\"https:\/\/agora.xtec.cat\/escguillemisarn\/general\/taller-de-respecte-a-4t\/\" title=\"Read TALLER DE RESPECTE A 4T\">Llegeix m\u00e9s\u00bb<\/a><\/p>\n","protected":false},"author":11,"featured_media":4072,"comment_status":"open","ping_status":"open","sticky":false,"template":"","format":"standard","meta":{"_bbp_topic_count":0,"_bbp_reply_count":0,"_bbp_total_topic_count":0,"_bbp_total_reply_count":0,"_bbp_voice_count":0,"_bbp_anonymous_reply_count":0,"_bbp_topic_count_hidden":0,"_bbp_reply_count_hidden":0,"_bbp_forum_subforum_count":0,"footnotes":""},"categories":[72,1,4,5],"tags":[],"class_list":["post-4071","post","type-post","status-publish","format-standard","has-post-thumbnail","hentry","category-cm","category-general","category-portada","category-primaria"],"post_mailing_queue_ids":[],"_links":{"self":[{"href":"https:\/\/agora.xtec.cat\/escguillemisarn\/wp-json\/wp\/v2\/posts\/4071","targetHints":{"allow":["GET"]}}],"collection":[{"href":"https:\/\/agora.xtec.cat\/escguillemisarn\/wp-json\/wp\/v2\/posts"}],"about":[{"href":"https:\/\/agora.xtec.cat\/escguillemisarn\/wp-json\/wp\/v2\/types\/post"}],"author":[{"embeddable":true,"href":"https:\/\/agora.xtec.cat\/escguillemisarn\/wp-json\/wp\/v2\/users\/11"}],"replies":[{"embeddable":true,"href":"https:\/\/agora.xtec.cat\/escguillemisarn\/wp-json\/wp\/v2\/comments?post=4071"}],"version-history":[{"count":2,"href":"https:\/\/agora.xtec.cat\/escguillemisarn\/wp-json\/wp\/v2\/posts\/4071\/revisions"}],"predecessor-version":[{"id":4074,"href":"https:\/\/agora.xtec.cat\/escguillemisarn\/wp-json\/wp\/v2\/posts\/4071\/revisions\/4074"}],"wp:featuredmedia":[{"embeddable":true,"href":"https:\/\/agora.xtec.cat\/escguillemisarn\/wp-json\/wp\/v2\/media\/4072"}],"wp:attachment":[{"href":"https:\/\/agora.xtec.cat\/escguillemisarn\/wp-json\/wp\/v2\/media?parent=4071"}],"wp:term":[{"taxonomy":"category","embeddable":true,"href":"https:\/\/agora.xtec.cat\/escguillemisarn\/wp-json\/wp\/v2\/categories?post=4071"},{"taxonomy":"post_tag","embeddable":true,"href":"https:\/\/agora.xtec.cat\/escguillemisarn\/wp-json\/wp\/v2\/tags?post=4071"}],"curies":[{"name":"wp","href":"https:\/\/api.w.org\/{rel}","templated":true}]}}