{"id":4065,"date":"2025-10-01T10:46:21","date_gmt":"2025-10-01T08:46:21","guid":{"rendered":"https:\/\/agora.xtec.cat\/escguillemisarn\/?p=4065"},"modified":"2025-10-01T10:46:33","modified_gmt":"2025-10-01T08:46:33","slug":"construim-fonendoscopis","status":"publish","type":"post","link":"https:\/\/agora.xtec.cat\/escguillemisarn\/general\/construim-fonendoscopis\/","title":{"rendered":"CONSTRU\u00cfM FONENDOSCOPIS"},"content":{"rendered":"<p><a href=\"https:\/\/agora.xtec.cat\/escguillemisarn\/wp-content\/uploads\/usu1631\/2025\/10\/Captura-de-pantalla-2025-09-17-182003.png\"><img loading=\"lazy\" decoding=\"async\" class=\"alignnone size-full wp-image-4067\" src=\"https:\/\/agora.xtec.cat\/escguillemisarn\/wp-content\/uploads\/usu1631\/2025\/10\/Captura-de-pantalla-2025-09-17-182003.png\" alt=\"\" width=\"897\" height=\"289\" srcset=\"https:\/\/agora.xtec.cat\/escguillemisarn\/wp-content\/uploads\/usu1631\/2025\/10\/Captura-de-pantalla-2025-09-17-182003.png 897w, https:\/\/agora.xtec.cat\/escguillemisarn\/wp-content\/uploads\/usu1631\/2025\/10\/Captura-de-pantalla-2025-09-17-182003-300x97.png 300w, https:\/\/agora.xtec.cat\/escguillemisarn\/wp-content\/uploads\/usu1631\/2025\/10\/Captura-de-pantalla-2025-09-17-182003-768x247.png 768w\" sizes=\"auto, (max-width: 897px) 100vw, 897px\" \/><\/a><\/p>\n<p>Ahir per la tarda, vam parlar amb els alumnes de 3r que segurament els han explorat amb un fonendoscopi al centre de salut algun cop. Amb aquest aparell s\u00b4escolten els batecs del cor.<\/p>\n<p>Seguidament els vam proposar de construir un fonendoscopi casol\u00e0: amb dos auriculars per les orelles, una &#8220;T&#8221; per unir-lo amb un tercer tub i l\u00b4embut.<\/p>\n<p>Un cop constru\u00eft vam anar al pati per poder escoltar el cor dels nostres companys i companyes: primer escolt\u00e0vem el cor, despr\u00e9s els company o companya havia de corre fins a la porteria i retornar, a continuaci\u00f3 torn\u00e0vem a escoltar el cor i vam comprovar que els batecs anaven m\u00e9s r\u00e0pids.<\/p>\n<p>Aqu\u00ed us deixem un petit recull de\u00a0 \u00a0<a href=\"https:\/\/photos.app.goo.gl\/jNmsoHaHS1wNjuQM7\">FOTOS<\/a> \u00a0 de l\u00b4experi\u00e8ncia.<\/p>\n<p>&nbsp;<\/p>\n","protected":false},"excerpt":{"rendered":"<p><a href=\"https:\/\/agora.xtec.cat\/escguillemisarn\/wp-content\/uploads\/usu1631\/2025\/10\/Captura-de-pantalla-2025-09-17-182003.png\"><\/a><br \/>\nAhir per la tarda, vam parlar amb els alumnes de 3r que segurament els han explorat amb un fonendoscopi al centre de salut algun cop. Amb aquest aparell s\u00b4escolten els batecs del cor.<br \/>\nSeguidament els vam proposar de construir un fonendoscopi casol\u00e0: amb dos auriculars&hellip;  <a href=\"https:\/\/agora.xtec.cat\/escguillemisarn\/general\/construim-fonendoscopis\/\" title=\"Read CONSTRU\u00cfM FONENDOSCOPIS\">Llegeix m\u00e9s\u00bb<\/a><\/p>\n","protected":false},"author":41,"featured_media":4067,"comment_status":"open","ping_status":"open","sticky":false,"template":"","format":"standard","meta":{"_bbp_topic_count":0,"_bbp_reply_count":0,"_bbp_total_topic_count":0,"_bbp_total_reply_count":0,"_bbp_voice_count":0,"_bbp_anonymous_reply_count":0,"_bbp_topic_count_hidden":0,"_bbp_reply_count_hidden":0,"_bbp_forum_subforum_count":0,"footnotes":""},"categories":[72,1,4,5],"tags":[],"class_list":["post-4065","post","type-post","status-publish","format-standard","has-post-thumbnail","hentry","category-cm","category-general","category-portada","category-primaria"],"post_mailing_queue_ids":[],"_links":{"self":[{"href":"https:\/\/agora.xtec.cat\/escguillemisarn\/wp-json\/wp\/v2\/posts\/4065","targetHints":{"allow":["GET"]}}],"collection":[{"href":"https:\/\/agora.xtec.cat\/escguillemisarn\/wp-json\/wp\/v2\/posts"}],"about":[{"href":"https:\/\/agora.xtec.cat\/escguillemisarn\/wp-json\/wp\/v2\/types\/post"}],"author":[{"embeddable":true,"href":"https:\/\/agora.xtec.cat\/escguillemisarn\/wp-json\/wp\/v2\/users\/41"}],"replies":[{"embeddable":true,"href":"https:\/\/agora.xtec.cat\/escguillemisarn\/wp-json\/wp\/v2\/comments?post=4065"}],"version-history":[{"count":4,"href":"https:\/\/agora.xtec.cat\/escguillemisarn\/wp-json\/wp\/v2\/posts\/4065\/revisions"}],"predecessor-version":[{"id":4070,"href":"https:\/\/agora.xtec.cat\/escguillemisarn\/wp-json\/wp\/v2\/posts\/4065\/revisions\/4070"}],"wp:featuredmedia":[{"embeddable":true,"href":"https:\/\/agora.xtec.cat\/escguillemisarn\/wp-json\/wp\/v2\/media\/4067"}],"wp:attachment":[{"href":"https:\/\/agora.xtec.cat\/escguillemisarn\/wp-json\/wp\/v2\/media?parent=4065"}],"wp:term":[{"taxonomy":"category","embeddable":true,"href":"https:\/\/agora.xtec.cat\/escguillemisarn\/wp-json\/wp\/v2\/categories?post=4065"},{"taxonomy":"post_tag","embeddable":true,"href":"https:\/\/agora.xtec.cat\/escguillemisarn\/wp-json\/wp\/v2\/tags?post=4065"}],"curies":[{"name":"wp","href":"https:\/\/api.w.org\/{rel}","templated":true}]}}