{"id":4058,"date":"2025-09-20T20:20:06","date_gmt":"2025-09-20T18:20:06","guid":{"rendered":"https:\/\/agora.xtec.cat\/escguillemisarn\/?p=4058"},"modified":"2025-09-24T16:21:03","modified_gmt":"2025-09-24T14:21:03","slug":"construint-nos-com-a-grup","status":"publish","type":"post","link":"https:\/\/agora.xtec.cat\/escguillemisarn\/general\/construint-nos-com-a-grup\/","title":{"rendered":"Construint-nos com a grup"},"content":{"rendered":"<p data-start=\"121\" data-end=\"391\">Les i els alumnes de 2n creiem que el temps compartit \u00e9s clau per construir el nostre petit refugi. Per aix\u00f2, fins que no comencem els tallers, aprofitem les tardes de divendres per <strong data-start=\"298\" data-end=\"326\">construir-nos com a grup<\/strong>, descobrir-nos i aprendre a gaudir de les nostres difer\u00e8ncies.<\/p>\n<p data-start=\"629\" data-end=\"931\">A partir de la lectura del llibre <em data-start=\"700\" data-end=\"713\">Soc com soc<\/em>, que ens convida a <strong data-start=\"734\" data-end=\"793\">reflexionar sobre la diversitat, l\u2019empatia i l\u2019acollida,\u00a0<\/strong>hem portat a terme dues din\u00e0miques molt especials:<br data-start=\"674\" data-end=\"677\" \/>\u2728 <strong data-start=\"679\" data-end=\"693\">La primera<\/strong> ha estat d\u2019<strong data-start=\"705\" data-end=\"721\">introspecci\u00f3<\/strong>, on cada nena i el nen han pogut mirar cap a dins i explicar als companys com s\u00f3n, qu\u00e8 els agrada i quins trets els defineixen. Ha estat una manera de <strong data-start=\"873\" data-end=\"903\">recon\u00e8ixer-se i valorar-se<\/strong>.<br data-start=\"904\" data-end=\"907\" \/>\u2728 <strong data-start=\"909\" data-end=\"922\">La segona<\/strong> ens ha convidat a <strong data-start=\"941\" data-end=\"964\">establir connexions<\/strong>: cada infant ha escollit un company o companya que voldria con\u00e8ixer millor i, a partir d\u2019aqu\u00ed, han descobert junts all\u00f2 que tenen en com\u00fa \u2014gustos, interessos, \u2026<\/p>\n<p><a style=\"color: #2795b6;\" href=\"https:\/\/agora.xtec.cat\/escguillemisarn\/wp-content\/uploads\/usu1631\/2025\/09\/Imagen-de-WhatsApp-2025-09-20-a-las-19.19.19_5f328a67.jpg\"><img loading=\"lazy\" decoding=\"async\" class=\"wp-image-4059 alignleft\" src=\"https:\/\/agora.xtec.cat\/escguillemisarn\/wp-content\/uploads\/usu1631\/2025\/09\/Imagen-de-WhatsApp-2025-09-20-a-las-19.19.19_5f328a67-768x1024.jpg\" alt=\"\" width=\"182\" height=\"243\" srcset=\"https:\/\/agora.xtec.cat\/escguillemisarn\/wp-content\/uploads\/usu1631\/2025\/09\/Imagen-de-WhatsApp-2025-09-20-a-las-19.19.19_5f328a67-768x1024.jpg 768w, https:\/\/agora.xtec.cat\/escguillemisarn\/wp-content\/uploads\/usu1631\/2025\/09\/Imagen-de-WhatsApp-2025-09-20-a-las-19.19.19_5f328a67-225x300.jpg 225w, https:\/\/agora.xtec.cat\/escguillemisarn\/wp-content\/uploads\/usu1631\/2025\/09\/Imagen-de-WhatsApp-2025-09-20-a-las-19.19.19_5f328a67-1152x1536.jpg 1152w, https:\/\/agora.xtec.cat\/escguillemisarn\/wp-content\/uploads\/usu1631\/2025\/09\/Imagen-de-WhatsApp-2025-09-20-a-las-19.19.19_5f328a67.jpg 1536w\" sizes=\"auto, (max-width: 182px) 100vw, 182px\" \/><\/a><\/p>\n<p data-start=\"1153\" data-end=\"1306\">Mireu, mireu: <a tabindex=\"-1\" href=\"https:\/\/photos.app.goo.gl\/akzU2wAEr7rUj98d9\" target=\"_blank\" rel=\"noopener\">photos.app.goo.gl\/akzU2wAEr7rUj98d9<\/a><\/p>\n<p data-start=\"1153\" data-end=\"1306\">Aquestes activitats ens ajuden a veure que, tot i que cadasc\u00fa \u00e9s \u00fanic, <strong data-start=\"1224\" data-end=\"1303\">sempre hi ha fils invisibles que ens uneixen i ens fan m\u00e9s forts com a grup<\/strong>.<\/p>\n<p data-start=\"1308\" data-end=\"1461\">Aix\u00ed, les tardes de divendres esdevenen un temps per cr\u00e9ixer junts i fer de la nostra aula un petit refugi on tothom se senti <strong data-start=\"1427\" data-end=\"1458\">acollit, escoltat i valorat<\/strong>.<\/p>\n<p data-start=\"629\" data-end=\"931\"><a href=\"https:\/\/agora.xtec.cat\/escguillemisarn\/wp-content\/uploads\/usu1631\/2025\/09\/Imagen-de-WhatsApp-2025-09-20-a-las-19.19.19_5f328a67.jpg\">\u00a0<\/a><\/p>\n<p data-start=\"933\" data-end=\"1094\">\n","protected":false},"excerpt":{"rendered":"<p>Les i els alumnes de 2n creiem que el temps compartit \u00e9s clau per construir el nostre petit refugi. Per aix\u00f2, fins que no comencem els tallers, aprofitem les tardes de divendres per construir-nos com a grup, descobrir-nos i aprendre a gaudir de les nostres&hellip;  <a href=\"https:\/\/agora.xtec.cat\/escguillemisarn\/general\/construint-nos-com-a-grup\/\" title=\"Read Construint-nos com a grup\">Llegeix m\u00e9s\u00bb<\/a><\/p>\n","protected":false},"author":6,"featured_media":0,"comment_status":"open","ping_status":"open","sticky":false,"template":"","format":"standard","meta":{"_bbp_topic_count":0,"_bbp_reply_count":0,"_bbp_total_topic_count":0,"_bbp_total_reply_count":0,"_bbp_voice_count":0,"_bbp_anonymous_reply_count":0,"_bbp_topic_count_hidden":0,"_bbp_reply_count_hidden":0,"_bbp_forum_subforum_count":0,"footnotes":""},"categories":[1],"tags":[91,86],"class_list":["post-4058","post","type-post","status-publish","format-standard","hentry","category-general","tag-general","tag-primaria"],"post_mailing_queue_ids":[],"_links":{"self":[{"href":"https:\/\/agora.xtec.cat\/escguillemisarn\/wp-json\/wp\/v2\/posts\/4058","targetHints":{"allow":["GET"]}}],"collection":[{"href":"https:\/\/agora.xtec.cat\/escguillemisarn\/wp-json\/wp\/v2\/posts"}],"about":[{"href":"https:\/\/agora.xtec.cat\/escguillemisarn\/wp-json\/wp\/v2\/types\/post"}],"author":[{"embeddable":true,"href":"https:\/\/agora.xtec.cat\/escguillemisarn\/wp-json\/wp\/v2\/users\/6"}],"replies":[{"embeddable":true,"href":"https:\/\/agora.xtec.cat\/escguillemisarn\/wp-json\/wp\/v2\/comments?post=4058"}],"version-history":[{"count":4,"href":"https:\/\/agora.xtec.cat\/escguillemisarn\/wp-json\/wp\/v2\/posts\/4058\/revisions"}],"predecessor-version":[{"id":4064,"href":"https:\/\/agora.xtec.cat\/escguillemisarn\/wp-json\/wp\/v2\/posts\/4058\/revisions\/4064"}],"wp:attachment":[{"href":"https:\/\/agora.xtec.cat\/escguillemisarn\/wp-json\/wp\/v2\/media?parent=4058"}],"wp:term":[{"taxonomy":"category","embeddable":true,"href":"https:\/\/agora.xtec.cat\/escguillemisarn\/wp-json\/wp\/v2\/categories?post=4058"},{"taxonomy":"post_tag","embeddable":true,"href":"https:\/\/agora.xtec.cat\/escguillemisarn\/wp-json\/wp\/v2\/tags?post=4058"}],"curies":[{"name":"wp","href":"https:\/\/api.w.org\/{rel}","templated":true}]}}