{"id":4043,"date":"2025-06-20T22:35:56","date_gmt":"2025-06-20T20:35:56","guid":{"rendered":"https:\/\/agora.xtec.cat\/escguillemisarn\/?p=4043"},"modified":"2025-06-20T22:35:56","modified_gmt":"2025-06-20T20:35:56","slug":"soc-protagonista","status":"publish","type":"post","link":"https:\/\/agora.xtec.cat\/escguillemisarn\/general\/soc-protagonista\/","title":{"rendered":"S\u00f3c protagonista"},"content":{"rendered":"<p>El passat dijous l&#8217;alumnat de 6\u00e8 va exposar les seves passions, aficions i punts fonts en l&#8217;activitat &#8220;S\u00f3c protagonista&#8221;.<\/p>\n<p>Aqu\u00ed en podeu veure unes imatges:<\/p>\n<p><a href=\"https:\/\/photos.app.goo.gl\/MT9opgGNUmKW5Euz6\">https:\/\/photos.app.goo.gl\/MT9opgGNUmKW5Euz6<\/a><\/p>\n","protected":false},"excerpt":{"rendered":"<p>El passat dijous l&#8217;alumnat de 6\u00e8 va exposar les seves passions, aficions i punts fonts en l&#8217;activitat &#8220;S\u00f3c protagonista&#8221;.<br \/>\nAqu\u00ed en podeu veure unes imatges:<br \/>\n<a href=\"https:\/\/photos.app.goo.gl\/MT9opgGNUmKW5Euz6\">https:\/\/photos.app.goo.gl\/MT9opgGNUmKW5Euz6<\/a><\/p>\n","protected":false},"author":7,"featured_media":0,"comment_status":"open","ping_status":"open","sticky":false,"template":"","format":"standard","meta":{"_bbp_topic_count":0,"_bbp_reply_count":0,"_bbp_total_topic_count":0,"_bbp_total_reply_count":0,"_bbp_voice_count":0,"_bbp_anonymous_reply_count":0,"_bbp_topic_count_hidden":0,"_bbp_reply_count_hidden":0,"_bbp_forum_subforum_count":0,"footnotes":""},"categories":[73,1,4,5],"tags":[],"class_list":["post-4043","post","type-post","status-publish","format-standard","hentry","category-cs","category-general","category-portada","category-primaria"],"post_mailing_queue_ids":[],"_links":{"self":[{"href":"https:\/\/agora.xtec.cat\/escguillemisarn\/wp-json\/wp\/v2\/posts\/4043","targetHints":{"allow":["GET"]}}],"collection":[{"href":"https:\/\/agora.xtec.cat\/escguillemisarn\/wp-json\/wp\/v2\/posts"}],"about":[{"href":"https:\/\/agora.xtec.cat\/escguillemisarn\/wp-json\/wp\/v2\/types\/post"}],"author":[{"embeddable":true,"href":"https:\/\/agora.xtec.cat\/escguillemisarn\/wp-json\/wp\/v2\/users\/7"}],"replies":[{"embeddable":true,"href":"https:\/\/agora.xtec.cat\/escguillemisarn\/wp-json\/wp\/v2\/comments?post=4043"}],"version-history":[{"count":2,"href":"https:\/\/agora.xtec.cat\/escguillemisarn\/wp-json\/wp\/v2\/posts\/4043\/revisions"}],"predecessor-version":[{"id":4045,"href":"https:\/\/agora.xtec.cat\/escguillemisarn\/wp-json\/wp\/v2\/posts\/4043\/revisions\/4045"}],"wp:attachment":[{"href":"https:\/\/agora.xtec.cat\/escguillemisarn\/wp-json\/wp\/v2\/media?parent=4043"}],"wp:term":[{"taxonomy":"category","embeddable":true,"href":"https:\/\/agora.xtec.cat\/escguillemisarn\/wp-json\/wp\/v2\/categories?post=4043"},{"taxonomy":"post_tag","embeddable":true,"href":"https:\/\/agora.xtec.cat\/escguillemisarn\/wp-json\/wp\/v2\/tags?post=4043"}],"curies":[{"name":"wp","href":"https:\/\/api.w.org\/{rel}","templated":true}]}}