{"id":4039,"date":"2025-06-20T16:23:09","date_gmt":"2025-06-20T14:23:09","guid":{"rendered":"https:\/\/agora.xtec.cat\/escguillemisarn\/?p=4039"},"modified":"2025-06-20T16:23:09","modified_gmt":"2025-06-20T14:23:09","slug":"ultim-dia-de-curs","status":"publish","type":"post","link":"https:\/\/agora.xtec.cat\/escguillemisarn\/general\/ultim-dia-de-curs\/","title":{"rendered":"\u00daLTIM DIA DE CURS"},"content":{"rendered":"<p data-start=\"149\" data-end=\"420\"><img loading=\"lazy\" decoding=\"async\" class=\"wp-image-4041 alignright\" src=\"https:\/\/agora.xtec.cat\/escguillemisarn\/wp-content\/uploads\/usu1631\/2025\/06\/estiu.jpeg\" alt=\"\" width=\"247\" height=\"224\" srcset=\"https:\/\/agora.xtec.cat\/escguillemisarn\/wp-content\/uploads\/usu1631\/2025\/06\/estiu.jpeg 570w, https:\/\/agora.xtec.cat\/escguillemisarn\/wp-content\/uploads\/usu1631\/2025\/06\/estiu-300x272.jpeg 300w\" sizes=\"auto, (max-width: 247px) 100vw, 247px\" \/>Avui ha arribat l\u2019\u00faltim dia de curs, i per acomiadar-nos, tota l\u2019escola ens hem reunit al gimn\u00e0s per fer un comiat especial als nostres alumnes m\u00e9s grans: els de 6\u00e8, que han rebut un petit detall de part dels m\u00e9s petits de l\u2019escola.<\/p>\n<p data-start=\"422\" data-end=\"576\">Tamb\u00e9 hem tancat el projecte d\u2019apadrinament lector amb el lliurament de diplomes i seguidament hem continuat amb un \u201cGot Talent\u201d molt especial, on els alumnes que han volgut han pogut mostrar les seves habilitats. Hem descobert que tenim un munt d\u2019artistes a les aules! Ha estat tot un \u00e8xit de participaci\u00f3!!!<\/p>\n<p data-start=\"850\" data-end=\"989\">Abans de marxar cap a casa, ens hem retrobat a les aules amb les tutores per desitjar-nos un bon estiu!!!!!<\/p>\n<p data-start=\"850\" data-end=\"989\">Ens retrobem al setembre!!!!<\/p>\n<p data-start=\"850\" data-end=\"989\"><a href=\"https:\/\/photos.app.goo.gl\/atJErHrdYs4WTzsNA\">https:\/\/photos.app.goo.gl\/atJErHrdYs4WTzsNA<\/a><\/p>\n<p>&nbsp;<\/p>\n","protected":false},"excerpt":{"rendered":"<p>Avui ha arribat l\u2019\u00faltim dia de curs, i per acomiadar-nos, tota l\u2019escola ens hem reunit al gimn\u00e0s per fer un comiat especial als nostres alumnes m\u00e9s grans: els de 6\u00e8, que han rebut un petit detall de part dels m\u00e9s petits de l\u2019escola.<br \/>\nTamb\u00e9 hem tancat&hellip;  <a href=\"https:\/\/agora.xtec.cat\/escguillemisarn\/general\/ultim-dia-de-curs\/\" title=\"Read \u00daLTIM DIA DE CURS\">Llegeix m\u00e9s\u00bb<\/a><\/p>\n","protected":false},"author":13,"featured_media":0,"comment_status":"open","ping_status":"open","sticky":false,"template":"","format":"standard","meta":{"_bbp_topic_count":0,"_bbp_reply_count":0,"_bbp_total_topic_count":0,"_bbp_total_reply_count":0,"_bbp_voice_count":0,"_bbp_anonymous_reply_count":0,"_bbp_topic_count_hidden":0,"_bbp_reply_count_hidden":0,"_bbp_forum_subforum_count":0,"footnotes":""},"categories":[71,72,73,1,2,4,5],"tags":[],"class_list":["post-4039","post","type-post","status-publish","format-standard","hentry","category-ci","category-cm","category-cs","category-general","category-infantil","category-portada","category-primaria"],"post_mailing_queue_ids":[],"_links":{"self":[{"href":"https:\/\/agora.xtec.cat\/escguillemisarn\/wp-json\/wp\/v2\/posts\/4039","targetHints":{"allow":["GET"]}}],"collection":[{"href":"https:\/\/agora.xtec.cat\/escguillemisarn\/wp-json\/wp\/v2\/posts"}],"about":[{"href":"https:\/\/agora.xtec.cat\/escguillemisarn\/wp-json\/wp\/v2\/types\/post"}],"author":[{"embeddable":true,"href":"https:\/\/agora.xtec.cat\/escguillemisarn\/wp-json\/wp\/v2\/users\/13"}],"replies":[{"embeddable":true,"href":"https:\/\/agora.xtec.cat\/escguillemisarn\/wp-json\/wp\/v2\/comments?post=4039"}],"version-history":[{"count":1,"href":"https:\/\/agora.xtec.cat\/escguillemisarn\/wp-json\/wp\/v2\/posts\/4039\/revisions"}],"predecessor-version":[{"id":4042,"href":"https:\/\/agora.xtec.cat\/escguillemisarn\/wp-json\/wp\/v2\/posts\/4039\/revisions\/4042"}],"wp:attachment":[{"href":"https:\/\/agora.xtec.cat\/escguillemisarn\/wp-json\/wp\/v2\/media?parent=4039"}],"wp:term":[{"taxonomy":"category","embeddable":true,"href":"https:\/\/agora.xtec.cat\/escguillemisarn\/wp-json\/wp\/v2\/categories?post=4039"},{"taxonomy":"post_tag","embeddable":true,"href":"https:\/\/agora.xtec.cat\/escguillemisarn\/wp-json\/wp\/v2\/tags?post=4039"}],"curies":[{"name":"wp","href":"https:\/\/api.w.org\/{rel}","templated":true}]}}