{"id":4026,"date":"2025-06-19T17:04:30","date_gmt":"2025-06-19T15:04:30","guid":{"rendered":"https:\/\/agora.xtec.cat\/escguillemisarn\/?p=4026"},"modified":"2025-06-19T17:04:30","modified_gmt":"2025-06-19T15:04:30","slug":"sacaba-el-curs","status":"publish","type":"post","link":"https:\/\/agora.xtec.cat\/escguillemisarn\/general\/sacaba-el-curs\/","title":{"rendered":"S&#8217;acaba el curs&#8230;"},"content":{"rendered":"<p><a href=\"https:\/\/agora.xtec.cat\/escguillemisarn\/wp-content\/uploads\/usu1631\/2025\/06\/photo_2025-06-19_16-08-09.jpg\"><img loading=\"lazy\" decoding=\"async\" class=\"wp-image-4027 alignleft\" src=\"https:\/\/agora.xtec.cat\/escguillemisarn\/wp-content\/uploads\/usu1631\/2025\/06\/photo_2025-06-19_16-08-09.jpg\" alt=\"\" width=\"192\" height=\"245\" srcset=\"https:\/\/agora.xtec.cat\/escguillemisarn\/wp-content\/uploads\/usu1631\/2025\/06\/photo_2025-06-19_16-08-09.jpg 720w, https:\/\/agora.xtec.cat\/escguillemisarn\/wp-content\/uploads\/usu1631\/2025\/06\/photo_2025-06-19_16-08-09-235x300.jpg 235w\" sizes=\"auto, (max-width: 192px) 100vw, 192px\" \/><\/a><\/p>\n<p>S&#8217;acaba el curs. Toca acomiadar-nos i recordar bonics moments viscuts durant el curs, i sobretot \u00e9s hora de desitjar-nos un&#8230; bon estiu!!!<\/p>\n<p>\u00c9s per aix\u00f2, que els nens i nenes d&#8217;Educaci\u00f3 Infantil, avui ens hem reunit, en un dels espais m\u00e9s bonics del pati, per rebre, per part de les nostres mestres, uns detallets que ens han preparat amb molta estima. Dia d&#8217;abra\u00e7ades, agra\u00efments i alguns &#8220;et trobar\u00e9 a faltar&#8221;.<\/p>\n<p><a href=\"https:\/\/photos.app.goo.gl\/3qDDrR3b6oQYdyNC7\">https:\/\/photos.app.goo.gl\/3qDDrR3b6oQYdyNC7<\/a><\/p>\n","protected":false},"excerpt":{"rendered":"<p><a href=\"https:\/\/agora.xtec.cat\/escguillemisarn\/wp-content\/uploads\/usu1631\/2025\/06\/photo_2025-06-19_16-08-09.jpg\"><\/a><br \/>\nS&#8217;acaba el curs. Toca acomiadar-nos i recordar bonics moments viscuts durant el curs, i sobretot \u00e9s hora de desitjar-nos un&#8230; bon estiu!!!<br \/>\n\u00c9s per aix\u00f2, que els nens i nenes d&#8217;Educaci\u00f3 Infantil, avui ens hem reunit, en un dels espais m\u00e9s bonics del pati, per&hellip;  <a href=\"https:\/\/agora.xtec.cat\/escguillemisarn\/general\/sacaba-el-curs\/\" title=\"Read S&#8217;acaba el curs&#8230;\">Llegeix m\u00e9s\u00bb<\/a><\/p>\n","protected":false},"author":14,"featured_media":0,"comment_status":"open","ping_status":"open","sticky":false,"template":"","format":"standard","meta":{"_bbp_topic_count":0,"_bbp_reply_count":0,"_bbp_total_topic_count":0,"_bbp_total_reply_count":0,"_bbp_voice_count":0,"_bbp_anonymous_reply_count":0,"_bbp_topic_count_hidden":0,"_bbp_reply_count_hidden":0,"_bbp_forum_subforum_count":0,"footnotes":""},"categories":[1,2,4],"tags":[],"class_list":["post-4026","post","type-post","status-publish","format-standard","hentry","category-general","category-infantil","category-portada"],"post_mailing_queue_ids":[],"_links":{"self":[{"href":"https:\/\/agora.xtec.cat\/escguillemisarn\/wp-json\/wp\/v2\/posts\/4026","targetHints":{"allow":["GET"]}}],"collection":[{"href":"https:\/\/agora.xtec.cat\/escguillemisarn\/wp-json\/wp\/v2\/posts"}],"about":[{"href":"https:\/\/agora.xtec.cat\/escguillemisarn\/wp-json\/wp\/v2\/types\/post"}],"author":[{"embeddable":true,"href":"https:\/\/agora.xtec.cat\/escguillemisarn\/wp-json\/wp\/v2\/users\/14"}],"replies":[{"embeddable":true,"href":"https:\/\/agora.xtec.cat\/escguillemisarn\/wp-json\/wp\/v2\/comments?post=4026"}],"version-history":[{"count":4,"href":"https:\/\/agora.xtec.cat\/escguillemisarn\/wp-json\/wp\/v2\/posts\/4026\/revisions"}],"predecessor-version":[{"id":4034,"href":"https:\/\/agora.xtec.cat\/escguillemisarn\/wp-json\/wp\/v2\/posts\/4026\/revisions\/4034"}],"wp:attachment":[{"href":"https:\/\/agora.xtec.cat\/escguillemisarn\/wp-json\/wp\/v2\/media?parent=4026"}],"wp:term":[{"taxonomy":"category","embeddable":true,"href":"https:\/\/agora.xtec.cat\/escguillemisarn\/wp-json\/wp\/v2\/categories?post=4026"},{"taxonomy":"post_tag","embeddable":true,"href":"https:\/\/agora.xtec.cat\/escguillemisarn\/wp-json\/wp\/v2\/tags?post=4026"}],"curies":[{"name":"wp","href":"https:\/\/api.w.org\/{rel}","templated":true}]}}