{"id":4022,"date":"2025-06-19T14:08:34","date_gmt":"2025-06-19T12:08:34","guid":{"rendered":"https:\/\/agora.xtec.cat\/escguillemisarn\/?p=4022"},"modified":"2025-06-19T16:48:08","modified_gmt":"2025-06-19T14:48:08","slug":"ens-visiten-els-agents-rurals-3","status":"publish","type":"post","link":"https:\/\/agora.xtec.cat\/escguillemisarn\/general\/ens-visiten-els-agents-rurals-3\/","title":{"rendered":"Ens visiten els Agents Rurals"},"content":{"rendered":"<p>Avui hem tingut una visita molt especial a l&#8217;escola: dos agents rurals!!!!!!!!!!!!<\/p>\n<p>L&#8217;\u00cdngrid i la S\u00f2nia ens han portat dos falciots que havien estat recuperant-se al centre de fauna de Vallcalent.<img loading=\"lazy\" decoding=\"async\" class=\"wp-image-4023 alignleft\" src=\"https:\/\/agora.xtec.cat\/escguillemisarn\/wp-content\/uploads\/usu1631\/2025\/06\/Apus_apus_-Barcelona_Spain-8_1.jpg\" alt=\"\" width=\"226\" height=\"151\" srcset=\"https:\/\/agora.xtec.cat\/escguillemisarn\/wp-content\/uploads\/usu1631\/2025\/06\/Apus_apus_-Barcelona_Spain-8_1.jpg 960w, https:\/\/agora.xtec.cat\/escguillemisarn\/wp-content\/uploads\/usu1631\/2025\/06\/Apus_apus_-Barcelona_Spain-8_1-300x200.jpg 300w, https:\/\/agora.xtec.cat\/escguillemisarn\/wp-content\/uploads\/usu1631\/2025\/06\/Apus_apus_-Barcelona_Spain-8_1-768x513.jpg 768w\" sizes=\"auto, (max-width: 226px) 100vw, 226px\" \/><\/p>\n<p>Avui ha arribat el moment de tornar-los a la llibertat en el seu h\u00e0bitat natural. Hem fet l\u2019alliberament al pati de l\u2019escola i ha estat una experi\u00e8ncia emocionant.<\/p>\n<p>Moltes gr\u00e0cies, \u00cdngrid i S\u00f2nia, per oferir-nos l\u2019oportunitat de viure aquest moment.<\/p>\n<p>&nbsp;<\/p>\n<p><a href=\"https:\/\/photos.app.goo.gl\/KAALmBw3w7V8AxMM9\">https:\/\/photos.app.goo.gl\/KAALmBw3w7V8AxMM9<\/a><\/p>\n","protected":false},"excerpt":{"rendered":"<p>Avui hem tingut una visita molt especial a l&#8217;escola: dos agents rurals!!!!!!!!!!!!<br \/>\nL&#8217;\u00cdngrid i la S\u00f2nia ens han portat dos falciots que havien estat recuperant-se al centre de fauna de Vallcalent.<br \/>\nAvui ha arribat el moment de tornar-los a la llibertat en el seu h\u00e0bitat natural. Hem&hellip;  <a href=\"https:\/\/agora.xtec.cat\/escguillemisarn\/general\/ens-visiten-els-agents-rurals-3\/\" title=\"Read Ens visiten els Agents Rurals\">Llegeix m\u00e9s\u00bb<\/a><\/p>\n","protected":false},"author":13,"featured_media":0,"comment_status":"open","ping_status":"open","sticky":false,"template":"","format":"standard","meta":{"_bbp_topic_count":0,"_bbp_reply_count":0,"_bbp_total_topic_count":0,"_bbp_total_reply_count":0,"_bbp_voice_count":0,"_bbp_anonymous_reply_count":0,"_bbp_topic_count_hidden":0,"_bbp_reply_count_hidden":0,"_bbp_forum_subforum_count":0,"footnotes":""},"categories":[71,72,77,1,2,4,5],"tags":[],"class_list":["post-4022","post","type-post","status-publish","format-standard","hentry","category-ci","category-cm","category-escola-verda","category-general","category-infantil","category-portada","category-primaria"],"post_mailing_queue_ids":[],"_links":{"self":[{"href":"https:\/\/agora.xtec.cat\/escguillemisarn\/wp-json\/wp\/v2\/posts\/4022","targetHints":{"allow":["GET"]}}],"collection":[{"href":"https:\/\/agora.xtec.cat\/escguillemisarn\/wp-json\/wp\/v2\/posts"}],"about":[{"href":"https:\/\/agora.xtec.cat\/escguillemisarn\/wp-json\/wp\/v2\/types\/post"}],"author":[{"embeddable":true,"href":"https:\/\/agora.xtec.cat\/escguillemisarn\/wp-json\/wp\/v2\/users\/13"}],"replies":[{"embeddable":true,"href":"https:\/\/agora.xtec.cat\/escguillemisarn\/wp-json\/wp\/v2\/comments?post=4022"}],"version-history":[{"count":2,"href":"https:\/\/agora.xtec.cat\/escguillemisarn\/wp-json\/wp\/v2\/posts\/4022\/revisions"}],"predecessor-version":[{"id":4025,"href":"https:\/\/agora.xtec.cat\/escguillemisarn\/wp-json\/wp\/v2\/posts\/4022\/revisions\/4025"}],"wp:attachment":[{"href":"https:\/\/agora.xtec.cat\/escguillemisarn\/wp-json\/wp\/v2\/media?parent=4022"}],"wp:term":[{"taxonomy":"category","embeddable":true,"href":"https:\/\/agora.xtec.cat\/escguillemisarn\/wp-json\/wp\/v2\/categories?post=4022"},{"taxonomy":"post_tag","embeddable":true,"href":"https:\/\/agora.xtec.cat\/escguillemisarn\/wp-json\/wp\/v2\/tags?post=4022"}],"curies":[{"name":"wp","href":"https:\/\/api.w.org\/{rel}","templated":true}]}}