{"id":3999,"date":"2025-06-26T09:54:09","date_gmt":"2025-06-26T07:54:09","guid":{"rendered":"https:\/\/agora.xtec.cat\/escguillemisarn\/?p=3999"},"modified":"2025-06-26T09:54:09","modified_gmt":"2025-06-26T07:54:09","slug":"la-primavera-a-educacio-infantil","status":"publish","type":"post","link":"https:\/\/agora.xtec.cat\/escguillemisarn\/general\/la-primavera-a-educacio-infantil\/","title":{"rendered":"LA PRIMAVERA A EDUCACI\u00d3 INFANTIL"},"content":{"rendered":"<p><a href=\"https:\/\/agora.xtec.cat\/escguillemisarn\/wp-content\/uploads\/usu1631\/2025\/06\/photo_4_2025-06-18_12-34-45.jpg\"><img loading=\"lazy\" decoding=\"async\" class=\"wp-image-4048 alignleft\" src=\"https:\/\/agora.xtec.cat\/escguillemisarn\/wp-content\/uploads\/usu1631\/2025\/06\/photo_4_2025-06-18_12-34-45-1024x577.jpg\" alt=\"\" width=\"204\" height=\"115\" srcset=\"https:\/\/agora.xtec.cat\/escguillemisarn\/wp-content\/uploads\/usu1631\/2025\/06\/photo_4_2025-06-18_12-34-45-1024x577.jpg 1024w, https:\/\/agora.xtec.cat\/escguillemisarn\/wp-content\/uploads\/usu1631\/2025\/06\/photo_4_2025-06-18_12-34-45-300x169.jpg 300w, https:\/\/agora.xtec.cat\/escguillemisarn\/wp-content\/uploads\/usu1631\/2025\/06\/photo_4_2025-06-18_12-34-45-768x433.jpg 768w, https:\/\/agora.xtec.cat\/escguillemisarn\/wp-content\/uploads\/usu1631\/2025\/06\/photo_4_2025-06-18_12-34-45.jpg 1280w\" sizes=\"auto, (max-width: 204px) 100vw, 204px\" \/><\/a>Els nens i nenes d&#8217;educaci\u00f3 infantil,\u00a0 aquest tercer trimestre, hem treballat la primavera. Amb l&#8217;ajuda de l&#8217;entorn m\u00e9s proper, hem pogut gaudir d&#8217;aquesta estaci\u00f3 de l&#8217;any, ho hem experimentat als minimons, a l&#8217;aula sensorial, a l&#8217;hora de pl\u00e0stica i a la classe. Us deixem un recull de fotos. Mireu!!<\/p>\n<p>I3 &#8211;\u00a0<a href=\"https:\/\/photos.app.goo.gl\/JuKUJeDdVSJfGoab8\">https:\/\/photos.app.goo.gl\/JuKUJeDdVSJfGoab8<\/a><\/p>\n<p>I4 &#8211;\u00a0<a href=\"https:\/\/photos.app.goo.gl\/gjZohsxbbm8Hvih89\">https:\/\/photos.app.goo.gl\/gjZohsxbbm8Hvih89<\/a><\/p>\n<p>I5 &#8211;\u00a0<a href=\"https:\/\/photos.app.goo.gl\/54KePWvDYrcUPiEY8\">https:\/\/photos.app.goo.gl\/54KePWvDYrcUPiEY8<\/a><\/p>\n","protected":false},"excerpt":{"rendered":"<p><a href=\"https:\/\/agora.xtec.cat\/escguillemisarn\/wp-content\/uploads\/usu1631\/2025\/06\/photo_4_2025-06-18_12-34-45.jpg\"><\/a>Els nens i nenes d&#8217;educaci\u00f3 infantil,\u00a0 aquest tercer trimestre, hem treballat la primavera. Amb l&#8217;ajuda de l&#8217;entorn m\u00e9s proper, hem pogut gaudir d&#8217;aquesta estaci\u00f3 de l&#8217;any, ho hem experimentat als minimons, a l&#8217;aula sensorial, a l&#8217;hora de pl\u00e0stica i a la classe. Us deixem&hellip;  <a href=\"https:\/\/agora.xtec.cat\/escguillemisarn\/general\/la-primavera-a-educacio-infantil\/\" title=\"Read LA PRIMAVERA A EDUCACI\u00d3 INFANTIL\">Llegeix m\u00e9s\u00bb<\/a><\/p>\n","protected":false},"author":20,"featured_media":0,"comment_status":"open","ping_status":"open","sticky":false,"template":"","format":"standard","meta":{"_bbp_topic_count":0,"_bbp_reply_count":0,"_bbp_total_topic_count":0,"_bbp_total_reply_count":0,"_bbp_voice_count":0,"_bbp_anonymous_reply_count":0,"_bbp_topic_count_hidden":0,"_bbp_reply_count_hidden":0,"_bbp_forum_subforum_count":0,"footnotes":""},"categories":[77,1,2,4],"tags":[],"class_list":["post-3999","post","type-post","status-publish","format-standard","hentry","category-escola-verda","category-general","category-infantil","category-portada"],"post_mailing_queue_ids":[],"_links":{"self":[{"href":"https:\/\/agora.xtec.cat\/escguillemisarn\/wp-json\/wp\/v2\/posts\/3999","targetHints":{"allow":["GET"]}}],"collection":[{"href":"https:\/\/agora.xtec.cat\/escguillemisarn\/wp-json\/wp\/v2\/posts"}],"about":[{"href":"https:\/\/agora.xtec.cat\/escguillemisarn\/wp-json\/wp\/v2\/types\/post"}],"author":[{"embeddable":true,"href":"https:\/\/agora.xtec.cat\/escguillemisarn\/wp-json\/wp\/v2\/users\/20"}],"replies":[{"embeddable":true,"href":"https:\/\/agora.xtec.cat\/escguillemisarn\/wp-json\/wp\/v2\/comments?post=3999"}],"version-history":[{"count":4,"href":"https:\/\/agora.xtec.cat\/escguillemisarn\/wp-json\/wp\/v2\/posts\/3999\/revisions"}],"predecessor-version":[{"id":4049,"href":"https:\/\/agora.xtec.cat\/escguillemisarn\/wp-json\/wp\/v2\/posts\/3999\/revisions\/4049"}],"wp:attachment":[{"href":"https:\/\/agora.xtec.cat\/escguillemisarn\/wp-json\/wp\/v2\/media?parent=3999"}],"wp:term":[{"taxonomy":"category","embeddable":true,"href":"https:\/\/agora.xtec.cat\/escguillemisarn\/wp-json\/wp\/v2\/categories?post=3999"},{"taxonomy":"post_tag","embeddable":true,"href":"https:\/\/agora.xtec.cat\/escguillemisarn\/wp-json\/wp\/v2\/tags?post=3999"}],"curies":[{"name":"wp","href":"https:\/\/api.w.org\/{rel}","templated":true}]}}