{"id":3981,"date":"2025-06-11T13:51:49","date_gmt":"2025-06-11T11:51:49","guid":{"rendered":"https:\/\/agora.xtec.cat\/escguillemisarn\/?p=3981"},"modified":"2025-06-12T13:25:32","modified_gmt":"2025-06-12T11:25:32","slug":"xv-mostra-de-musica","status":"publish","type":"post","link":"https:\/\/agora.xtec.cat\/escguillemisarn\/general\/xv-mostra-de-musica\/","title":{"rendered":"XV Mostra de M\u00fasica!"},"content":{"rendered":"<p data-start=\"70\" data-end=\"392\">Avui l\u2019alumnat de 3r i 4t de prim\u00e0ria ha participat a la XV Mostra de M\u00fasica de la comarca de l\u2019Urgell, celebrada al Teatre de l\u2019Ateneu, compartint escenari amb nens i nenes d\u2019altres escoles. Ha estat una experi\u00e8ncia enriquidora i emocionant que ens ha perm\u00e8s mostrar el talent i l\u2019esfor\u00e7 dels nostres alumnes.<\/p>\n<p><img decoding=\"async\" class=\"alignright\" src=\"https:\/\/www.shutterstock.com\/image-vector\/kid-singing-vector-illustration-watercolor-260nw-2477805901.jpg\" alt=\"1,7 millones resultados de im\u00e1genes, fotos de stock e ilustraciones libres de regal\u00edas para Ni\u00f1os cantar | Shutterstock\" \/><\/p>\n<p data-start=\"394\" data-end=\"718\">En aquesta ocasi\u00f3, han interpretat la can\u00e7\u00f3 africana <em data-start=\"447\" data-end=\"456\">Kuku U\u00e9<\/em> d\u2019Eva Ugalde, una pe\u00e7a plena de ritme. El repte ha estat gran, ja que han treballat el cant a dues veus, una tasca complexa per la seva edat. Tot i aix\u00f2, gr\u00e0cies a la seva implicaci\u00f3, motivaci\u00f3 i treball, han aconseguit una interpretaci\u00f3 fant\u00e0stica. Han fet un treball en equip magn\u00edfic! Felicitats a tots i a totes per l&#8217;\u00e8xit de la vostra actuaci\u00f3!<\/p>\n<p data-start=\"394\" data-end=\"718\">Per veure les imatges i l&#8217;actuaci\u00f3 cliqueu al seg\u00fcent enlla\u00e7: <a href=\"https:\/\/photos.app.goo.gl\/sFkWbVm3z5k8FuSy9\">https:\/\/photos.app.goo.gl\/sFkWbVm3z5k8FuSy9<\/a><\/p>\n","protected":false},"excerpt":{"rendered":"<p>Avui l\u2019alumnat de 3r i 4t de prim\u00e0ria ha participat a la XV Mostra de M\u00fasica de la comarca de l\u2019Urgell, celebrada al Teatre de l\u2019Ateneu, compartint escenari amb nens i nenes d\u2019altres escoles. Ha estat una experi\u00e8ncia enriquidora i emocionant que ens ha perm\u00e8s&hellip;  <a href=\"https:\/\/agora.xtec.cat\/escguillemisarn\/general\/xv-mostra-de-musica\/\" title=\"Read XV Mostra de M\u00fasica!\">Llegeix m\u00e9s\u00bb<\/a><\/p>\n","protected":false},"author":36,"featured_media":0,"comment_status":"open","ping_status":"open","sticky":false,"template":"","format":"standard","meta":{"_bbp_topic_count":0,"_bbp_reply_count":0,"_bbp_total_topic_count":0,"_bbp_total_reply_count":0,"_bbp_voice_count":0,"_bbp_anonymous_reply_count":0,"_bbp_topic_count_hidden":0,"_bbp_reply_count_hidden":0,"_bbp_forum_subforum_count":0,"footnotes":""},"categories":[72,1,4,5],"tags":[],"class_list":["post-3981","post","type-post","status-publish","format-standard","hentry","category-cm","category-general","category-portada","category-primaria"],"post_mailing_queue_ids":[],"_links":{"self":[{"href":"https:\/\/agora.xtec.cat\/escguillemisarn\/wp-json\/wp\/v2\/posts\/3981","targetHints":{"allow":["GET"]}}],"collection":[{"href":"https:\/\/agora.xtec.cat\/escguillemisarn\/wp-json\/wp\/v2\/posts"}],"about":[{"href":"https:\/\/agora.xtec.cat\/escguillemisarn\/wp-json\/wp\/v2\/types\/post"}],"author":[{"embeddable":true,"href":"https:\/\/agora.xtec.cat\/escguillemisarn\/wp-json\/wp\/v2\/users\/36"}],"replies":[{"embeddable":true,"href":"https:\/\/agora.xtec.cat\/escguillemisarn\/wp-json\/wp\/v2\/comments?post=3981"}],"version-history":[{"count":4,"href":"https:\/\/agora.xtec.cat\/escguillemisarn\/wp-json\/wp\/v2\/posts\/3981\/revisions"}],"predecessor-version":[{"id":3989,"href":"https:\/\/agora.xtec.cat\/escguillemisarn\/wp-json\/wp\/v2\/posts\/3981\/revisions\/3989"}],"wp:attachment":[{"href":"https:\/\/agora.xtec.cat\/escguillemisarn\/wp-json\/wp\/v2\/media?parent=3981"}],"wp:term":[{"taxonomy":"category","embeddable":true,"href":"https:\/\/agora.xtec.cat\/escguillemisarn\/wp-json\/wp\/v2\/categories?post=3981"},{"taxonomy":"post_tag","embeddable":true,"href":"https:\/\/agora.xtec.cat\/escguillemisarn\/wp-json\/wp\/v2\/tags?post=3981"}],"curies":[{"name":"wp","href":"https:\/\/api.w.org\/{rel}","templated":true}]}}