{"id":3964,"date":"2025-05-21T18:13:00","date_gmt":"2025-05-21T16:13:00","guid":{"rendered":"https:\/\/agora.xtec.cat\/escguillemisarn\/?p=3964"},"modified":"2025-05-21T18:16:08","modified_gmt":"2025-05-21T16:16:08","slug":"educacio-infantil-del-camp-a-lescola","status":"publish","type":"post","link":"https:\/\/agora.xtec.cat\/escguillemisarn\/general\/educacio-infantil-del-camp-a-lescola\/","title":{"rendered":"EDUCACI\u00d3 INFANTIL: &#8221; DEL CAMP A L&#8217;ESCOLA&#8221;."},"content":{"rendered":"<p>Aquest dimecres dia 21 de maig com a centre adherit al programa Escolar de fruites i hortalisses promogut pel Departament d\u2019Agricultura, Ramaderia, Pesca i Alimentaci\u00f3, els nens i nenes d\u2019Educaci\u00f3 Infantil hem\u00a0 participat en els tallers gratu\u00efts a l\u2019aula que aquest programa proporciona.<\/p>\n<p>El taller s\u2019anomena \u201cDel camp a l\u2019escola\u201d, i \u00e9s una activitat de descoberta en la que, a partir de jocs i reptes, es convida als nens i nenes a investigar d\u2019on provenen les fruites, verdures i l\u00e0ctics que mengem i el perqu\u00e8 s\u00f3n tant saludables per a nosaltres. A part de jocs tamb\u00e9 hem pogut fer un petit tastet.A continuaci\u00f3 podeu veure un seguit de fotos de la sessi\u00f3.<\/p>\n<p><a href=\"https:\/\/photos.app.goo.gl\/c4XJ4xRW2mvqtHF76\">https:\/\/photos.app.goo.gl\/c4XJ4xRW2mvqtHF76<\/a><\/p>\n<p>&nbsp;<\/p>\n","protected":false},"excerpt":{"rendered":"<p>Aquest dimecres dia 21 de maig com a centre adherit al programa Escolar de fruites i hortalisses promogut pel Departament d\u2019Agricultura, Ramaderia, Pesca i Alimentaci\u00f3, els nens i nenes d\u2019Educaci\u00f3 Infantil hem\u00a0 participat en els tallers gratu\u00efts a l\u2019aula que aquest programa proporciona.<br \/>\nEl taller s\u2019anomena&hellip;  <a href=\"https:\/\/agora.xtec.cat\/escguillemisarn\/general\/educacio-infantil-del-camp-a-lescola\/\" title=\"Read EDUCACI\u00d3 INFANTIL: &#8221; DEL CAMP A L&#8217;ESCOLA&#8221;.\">Llegeix m\u00e9s\u00bb<\/a><\/p>\n","protected":false},"author":20,"featured_media":0,"comment_status":"open","ping_status":"closed","sticky":false,"template":"","format":"standard","meta":{"_bbp_topic_count":0,"_bbp_reply_count":0,"_bbp_total_topic_count":0,"_bbp_total_reply_count":0,"_bbp_voice_count":0,"_bbp_anonymous_reply_count":0,"_bbp_topic_count_hidden":0,"_bbp_reply_count_hidden":0,"_bbp_forum_subforum_count":0,"footnotes":""},"categories":[77,1,2,4],"tags":[],"class_list":["post-3964","post","type-post","status-publish","format-standard","hentry","category-escola-verda","category-general","category-infantil","category-portada"],"post_mailing_queue_ids":[],"_links":{"self":[{"href":"https:\/\/agora.xtec.cat\/escguillemisarn\/wp-json\/wp\/v2\/posts\/3964","targetHints":{"allow":["GET"]}}],"collection":[{"href":"https:\/\/agora.xtec.cat\/escguillemisarn\/wp-json\/wp\/v2\/posts"}],"about":[{"href":"https:\/\/agora.xtec.cat\/escguillemisarn\/wp-json\/wp\/v2\/types\/post"}],"author":[{"embeddable":true,"href":"https:\/\/agora.xtec.cat\/escguillemisarn\/wp-json\/wp\/v2\/users\/20"}],"replies":[{"embeddable":true,"href":"https:\/\/agora.xtec.cat\/escguillemisarn\/wp-json\/wp\/v2\/comments?post=3964"}],"version-history":[{"count":4,"href":"https:\/\/agora.xtec.cat\/escguillemisarn\/wp-json\/wp\/v2\/posts\/3964\/revisions"}],"predecessor-version":[{"id":3968,"href":"https:\/\/agora.xtec.cat\/escguillemisarn\/wp-json\/wp\/v2\/posts\/3964\/revisions\/3968"}],"wp:attachment":[{"href":"https:\/\/agora.xtec.cat\/escguillemisarn\/wp-json\/wp\/v2\/media?parent=3964"}],"wp:term":[{"taxonomy":"category","embeddable":true,"href":"https:\/\/agora.xtec.cat\/escguillemisarn\/wp-json\/wp\/v2\/categories?post=3964"},{"taxonomy":"post_tag","embeddable":true,"href":"https:\/\/agora.xtec.cat\/escguillemisarn\/wp-json\/wp\/v2\/tags?post=3964"}],"curies":[{"name":"wp","href":"https:\/\/api.w.org\/{rel}","templated":true}]}}