{"id":3957,"date":"2025-05-20T12:51:44","date_gmt":"2025-05-20T10:51:44","guid":{"rendered":"https:\/\/agora.xtec.cat\/escguillemisarn\/?p=3957"},"modified":"2025-05-20T12:51:44","modified_gmt":"2025-05-20T10:51:44","slug":"tallers-apilo","status":"publish","type":"post","link":"https:\/\/agora.xtec.cat\/escguillemisarn\/general\/tallers-apilo\/","title":{"rendered":"Tallers Apilo"},"content":{"rendered":"<p>&nbsp;<\/p>\n<p><a href=\"https:\/\/agora.xtec.cat\/escguillemisarn\/wp-content\/uploads\/usu1631\/2025\/05\/20250520_105949.jpg\"><img loading=\"lazy\" decoding=\"async\" class=\"alignnone size-large wp-image-3961\" src=\"https:\/\/agora.xtec.cat\/escguillemisarn\/wp-content\/uploads\/usu1631\/2025\/05\/20250520_105949-1024x947.jpg\" alt=\"\" width=\"1024\" height=\"947\" srcset=\"https:\/\/agora.xtec.cat\/escguillemisarn\/wp-content\/uploads\/usu1631\/2025\/05\/20250520_105949-1024x947.jpg 1024w, https:\/\/agora.xtec.cat\/escguillemisarn\/wp-content\/uploads\/usu1631\/2025\/05\/20250520_105949-300x277.jpg 300w, https:\/\/agora.xtec.cat\/escguillemisarn\/wp-content\/uploads\/usu1631\/2025\/05\/20250520_105949-768x710.jpg 768w, https:\/\/agora.xtec.cat\/escguillemisarn\/wp-content\/uploads\/usu1631\/2025\/05\/20250520_105949-1536x1420.jpg 1536w, https:\/\/agora.xtec.cat\/escguillemisarn\/wp-content\/uploads\/usu1631\/2025\/05\/20250520_105949.jpg 1648w\" sizes=\"auto, (max-width: 1024px) 100vw, 1024px\" \/><\/a><\/p>\n<p>Aquest mat\u00ed, l&#8217;alumnat de cicle mitj\u00e0 i cicle superior han participat en els tallers: Ecodisseny relacionats amb la campanya Apilo impulsada per l&#8217;Ag\u00e8ncia de Residus de Catalunya.<\/p>\n<p>Tots\u00a0 ha realitzat el taller d&#8217;Ecodisseny on han reflexionat sobre el consum responsable i el disseny a l&#8217;economia circular tot veient diferents propostes substitutives del pl\u00e0stic presentades al Premi Catalunya d&#8217;Ecodisseny 2023. A m\u00e9s, han posat en pr\u00e0ctica els coneixements dels tallers a trav\u00e9s d&#8217;un joc on &#8230; Ha estat molt interesant i divertit!<\/p>\n<p>Podeu veure les\u00a0<a href=\"https:\/\/photos.app.goo.gl\/qce4hv3x2yJicRj78\">IMATGES<\/a> dels tallers.<\/p>\n","protected":false},"excerpt":{"rendered":"<p>&nbsp;<br \/>\n<a href=\"https:\/\/agora.xtec.cat\/escguillemisarn\/wp-content\/uploads\/usu1631\/2025\/05\/20250520_105949.jpg\"><\/a><br \/>\nAquest mat\u00ed, l&#8217;alumnat de cicle mitj\u00e0 i cicle superior han participat en els tallers: Ecodisseny relacionats amb la campanya Apilo impulsada per l&#8217;Ag\u00e8ncia de Residus de Catalunya.<br \/>\nTots\u00a0 ha realitzat el taller d&#8217;Ecodisseny on han reflexionat sobre el consum responsable i el disseny a l&#8217;economia&hellip;  <a href=\"https:\/\/agora.xtec.cat\/escguillemisarn\/general\/tallers-apilo\/\" title=\"Read Tallers Apilo\">Llegeix m\u00e9s\u00bb<\/a><\/p>\n","protected":false},"author":36,"featured_media":3961,"comment_status":"open","ping_status":"closed","sticky":false,"template":"","format":"standard","meta":{"_bbp_topic_count":0,"_bbp_reply_count":0,"_bbp_total_topic_count":0,"_bbp_total_reply_count":0,"_bbp_voice_count":0,"_bbp_anonymous_reply_count":0,"_bbp_topic_count_hidden":0,"_bbp_reply_count_hidden":0,"_bbp_forum_subforum_count":0,"footnotes":""},"categories":[71,72,1,4],"tags":[],"class_list":["post-3957","post","type-post","status-publish","format-standard","has-post-thumbnail","hentry","category-ci","category-cm","category-general","category-portada"],"post_mailing_queue_ids":[],"_links":{"self":[{"href":"https:\/\/agora.xtec.cat\/escguillemisarn\/wp-json\/wp\/v2\/posts\/3957","targetHints":{"allow":["GET"]}}],"collection":[{"href":"https:\/\/agora.xtec.cat\/escguillemisarn\/wp-json\/wp\/v2\/posts"}],"about":[{"href":"https:\/\/agora.xtec.cat\/escguillemisarn\/wp-json\/wp\/v2\/types\/post"}],"author":[{"embeddable":true,"href":"https:\/\/agora.xtec.cat\/escguillemisarn\/wp-json\/wp\/v2\/users\/36"}],"replies":[{"embeddable":true,"href":"https:\/\/agora.xtec.cat\/escguillemisarn\/wp-json\/wp\/v2\/comments?post=3957"}],"version-history":[{"count":5,"href":"https:\/\/agora.xtec.cat\/escguillemisarn\/wp-json\/wp\/v2\/posts\/3957\/revisions"}],"predecessor-version":[{"id":3960,"href":"https:\/\/agora.xtec.cat\/escguillemisarn\/wp-json\/wp\/v2\/posts\/3957\/revisions\/3960"}],"wp:featuredmedia":[{"embeddable":true,"href":"https:\/\/agora.xtec.cat\/escguillemisarn\/wp-json\/wp\/v2\/media\/3961"}],"wp:attachment":[{"href":"https:\/\/agora.xtec.cat\/escguillemisarn\/wp-json\/wp\/v2\/media?parent=3957"}],"wp:term":[{"taxonomy":"category","embeddable":true,"href":"https:\/\/agora.xtec.cat\/escguillemisarn\/wp-json\/wp\/v2\/categories?post=3957"},{"taxonomy":"post_tag","embeddable":true,"href":"https:\/\/agora.xtec.cat\/escguillemisarn\/wp-json\/wp\/v2\/tags?post=3957"}],"curies":[{"name":"wp","href":"https:\/\/api.w.org\/{rel}","templated":true}]}}