{"id":3946,"date":"2025-05-09T13:43:05","date_gmt":"2025-05-09T11:43:05","guid":{"rendered":"https:\/\/agora.xtec.cat\/escguillemisarn\/?p=3946"},"modified":"2025-05-09T13:43:52","modified_gmt":"2025-05-09T11:43:52","slug":"ens-visiten-els-agents-rurals-2","status":"publish","type":"post","link":"https:\/\/agora.xtec.cat\/escguillemisarn\/general\/ens-visiten-els-agents-rurals-2\/","title":{"rendered":"ENS VISITEN ELS AGENTS RURALS"},"content":{"rendered":"<p><img loading=\"lazy\" decoding=\"async\" class=\" wp-image-3947 alignleft\" src=\"https:\/\/agora.xtec.cat\/escguillemisarn\/wp-content\/uploads\/usu1631\/2025\/05\/protegim-natura-adhesiu-358x241.jpg_891899729.jpg\" alt=\"\" width=\"318\" height=\"214\" srcset=\"https:\/\/agora.xtec.cat\/escguillemisarn\/wp-content\/uploads\/usu1631\/2025\/05\/protegim-natura-adhesiu-358x241.jpg_891899729.jpg 358w, https:\/\/agora.xtec.cat\/escguillemisarn\/wp-content\/uploads\/usu1631\/2025\/05\/protegim-natura-adhesiu-358x241.jpg_891899729-300x202.jpg 300w\" sizes=\"auto, (max-width: 318px) 100vw, 318px\" \/>En motiu del dia mundial de les aus, han vingut a visitar-nos a cicle inicial el Jordi i la \u00cdngrid, dos agents rurals que ens han explicat moltes coses sobre 4 ocells protegits de la zona: l&#8217;oreneta vulgar, l&#8217;oreneta cuablanca, el falciot i el ballester. Hem apr\u00e8s a diferenciar-los pel seu aspecte, per la seva manera de fer els nius i pel seu cant.<\/p>\n<p>Moltes gr\u00e0cies \u00cdngrid i Jordi, ha estat una xerrada molt interessant on hem apr\u00e8s moltes coses!!!<\/p>\n<p><a href=\"https:\/\/photos.app.goo.gl\/DAtCYpiJfcbTNUvp7\">https:\/\/photos.app.goo.gl\/DAtCYpiJfcbTNUvp7<\/a><\/p>\n<p>&nbsp;<\/p>\n","protected":false},"excerpt":{"rendered":"<p>En motiu del dia mundial de les aus, han vingut a visitar-nos a cicle inicial el Jordi i la \u00cdngrid, dos agents rurals que ens han explicat moltes coses sobre 4 ocells protegits de la zona: l&#8217;oreneta vulgar, l&#8217;oreneta cuablanca, el falciot i el ballester.&hellip;  <a href=\"https:\/\/agora.xtec.cat\/escguillemisarn\/general\/ens-visiten-els-agents-rurals-2\/\" title=\"Read ENS VISITEN ELS AGENTS RURALS\">Llegeix m\u00e9s\u00bb<\/a><\/p>\n","protected":false},"author":13,"featured_media":0,"comment_status":"open","ping_status":"closed","sticky":false,"template":"","format":"standard","meta":{"_bbp_topic_count":0,"_bbp_reply_count":0,"_bbp_total_topic_count":0,"_bbp_total_reply_count":0,"_bbp_voice_count":0,"_bbp_anonymous_reply_count":0,"_bbp_topic_count_hidden":0,"_bbp_reply_count_hidden":0,"_bbp_forum_subforum_count":0,"footnotes":""},"categories":[71,77,1,4,5],"tags":[],"class_list":["post-3946","post","type-post","status-publish","format-standard","hentry","category-ci","category-escola-verda","category-general","category-portada","category-primaria"],"post_mailing_queue_ids":[],"_links":{"self":[{"href":"https:\/\/agora.xtec.cat\/escguillemisarn\/wp-json\/wp\/v2\/posts\/3946","targetHints":{"allow":["GET"]}}],"collection":[{"href":"https:\/\/agora.xtec.cat\/escguillemisarn\/wp-json\/wp\/v2\/posts"}],"about":[{"href":"https:\/\/agora.xtec.cat\/escguillemisarn\/wp-json\/wp\/v2\/types\/post"}],"author":[{"embeddable":true,"href":"https:\/\/agora.xtec.cat\/escguillemisarn\/wp-json\/wp\/v2\/users\/13"}],"replies":[{"embeddable":true,"href":"https:\/\/agora.xtec.cat\/escguillemisarn\/wp-json\/wp\/v2\/comments?post=3946"}],"version-history":[{"count":1,"href":"https:\/\/agora.xtec.cat\/escguillemisarn\/wp-json\/wp\/v2\/posts\/3946\/revisions"}],"predecessor-version":[{"id":3948,"href":"https:\/\/agora.xtec.cat\/escguillemisarn\/wp-json\/wp\/v2\/posts\/3946\/revisions\/3948"}],"wp:attachment":[{"href":"https:\/\/agora.xtec.cat\/escguillemisarn\/wp-json\/wp\/v2\/media?parent=3946"}],"wp:term":[{"taxonomy":"category","embeddable":true,"href":"https:\/\/agora.xtec.cat\/escguillemisarn\/wp-json\/wp\/v2\/categories?post=3946"},{"taxonomy":"post_tag","embeddable":true,"href":"https:\/\/agora.xtec.cat\/escguillemisarn\/wp-json\/wp\/v2\/tags?post=3946"}],"curies":[{"name":"wp","href":"https:\/\/api.w.org\/{rel}","templated":true}]}}