{"id":3940,"date":"2025-05-05T13:53:24","date_gmt":"2025-05-05T11:53:24","guid":{"rendered":"https:\/\/agora.xtec.cat\/escguillemisarn\/?p=3940"},"modified":"2025-05-06T12:39:16","modified_gmt":"2025-05-06T10:39:16","slug":"visita-al-parc-de-transit-2","status":"publish","type":"post","link":"https:\/\/agora.xtec.cat\/escguillemisarn\/general\/visita-al-parc-de-transit-2\/","title":{"rendered":"VISITA AL PARC DE TR\u00c0NSIT"},"content":{"rendered":"<p>Aquest dilluns 5 de maig, l\u2019alumnat de 3r i 4t hem anat a Bellpuig, al Parc de Tr\u00e0nsit.<\/p>\n<p><a href=\"https:\/\/agora.xtec.cat\/escguillemisarn\/wp-content\/uploads\/usu1631\/2025\/05\/images.jpg\"><img loading=\"lazy\" decoding=\"async\" class=\"size-full wp-image-3939 alignleft\" src=\"https:\/\/agora.xtec.cat\/escguillemisarn\/wp-content\/uploads\/usu1631\/2025\/05\/images.jpg\" alt=\"\" width=\"318\" height=\"159\" srcset=\"https:\/\/agora.xtec.cat\/escguillemisarn\/wp-content\/uploads\/usu1631\/2025\/05\/images.jpg 318w, https:\/\/agora.xtec.cat\/escguillemisarn\/wp-content\/uploads\/usu1631\/2025\/05\/images-300x150.jpg 300w\" sizes=\"auto, (max-width: 318px) 100vw, 318px\" \/><\/a>Un cop all\u00ed,\u00a0 ens han explicat quins s\u00f3n els senyals de tr\u00e0nsit que hem de con\u00e8ixer i que hem de respectar quan anem pel nostre poble o d\u2019altres i aix\u00ed, evitar accidents. Ens han dividit en dos grups,\u00a0 uns han fet de vianants i els altres de conductors. Despr\u00e9s hem canviat els rols.<\/p>\n<p>Ha estat molt divertit i ens hem adonat com n\u2019\u00e9s d\u2019important respectar sempre els senyals de tr\u00e0nsit que ens trobem pel carrer.<\/p>\n<p>Podeu veure les nostres fotos <a href=\"https:\/\/photos.app.goo.gl\/bg4PKmkaphYVQwQd8\">aqu\u00ed.<\/a><\/p>\n","protected":false},"excerpt":{"rendered":"<p>Aquest dilluns 5 de maig, l\u2019alumnat de 3r i 4t hem anat a Bellpuig, al Parc de Tr\u00e0nsit.<br \/>\n<a href=\"https:\/\/agora.xtec.cat\/escguillemisarn\/wp-content\/uploads\/usu1631\/2025\/05\/images.jpg\"><\/a>Un cop all\u00ed,\u00a0 ens han explicat quins s\u00f3n els senyals de tr\u00e0nsit que hem de con\u00e8ixer i que hem de respectar quan anem pel nostre poble o&hellip;  <a href=\"https:\/\/agora.xtec.cat\/escguillemisarn\/general\/visita-al-parc-de-transit-2\/\" title=\"Read VISITA AL PARC DE TR\u00c0NSIT\">Llegeix m\u00e9s\u00bb<\/a><\/p>\n","protected":false},"author":11,"featured_media":0,"comment_status":"open","ping_status":"closed","sticky":false,"template":"","format":"standard","meta":{"_bbp_topic_count":0,"_bbp_reply_count":0,"_bbp_total_topic_count":0,"_bbp_total_reply_count":0,"_bbp_voice_count":0,"_bbp_anonymous_reply_count":0,"_bbp_topic_count_hidden":0,"_bbp_reply_count_hidden":0,"_bbp_forum_subforum_count":0,"footnotes":""},"categories":[72,1,4,5],"tags":[],"class_list":["post-3940","post","type-post","status-publish","format-standard","hentry","category-cm","category-general","category-portada","category-primaria"],"post_mailing_queue_ids":[],"_links":{"self":[{"href":"https:\/\/agora.xtec.cat\/escguillemisarn\/wp-json\/wp\/v2\/posts\/3940","targetHints":{"allow":["GET"]}}],"collection":[{"href":"https:\/\/agora.xtec.cat\/escguillemisarn\/wp-json\/wp\/v2\/posts"}],"about":[{"href":"https:\/\/agora.xtec.cat\/escguillemisarn\/wp-json\/wp\/v2\/types\/post"}],"author":[{"embeddable":true,"href":"https:\/\/agora.xtec.cat\/escguillemisarn\/wp-json\/wp\/v2\/users\/11"}],"replies":[{"embeddable":true,"href":"https:\/\/agora.xtec.cat\/escguillemisarn\/wp-json\/wp\/v2\/comments?post=3940"}],"version-history":[{"count":1,"href":"https:\/\/agora.xtec.cat\/escguillemisarn\/wp-json\/wp\/v2\/posts\/3940\/revisions"}],"predecessor-version":[{"id":3941,"href":"https:\/\/agora.xtec.cat\/escguillemisarn\/wp-json\/wp\/v2\/posts\/3940\/revisions\/3941"}],"wp:attachment":[{"href":"https:\/\/agora.xtec.cat\/escguillemisarn\/wp-json\/wp\/v2\/media?parent=3940"}],"wp:term":[{"taxonomy":"category","embeddable":true,"href":"https:\/\/agora.xtec.cat\/escguillemisarn\/wp-json\/wp\/v2\/categories?post=3940"},{"taxonomy":"post_tag","embeddable":true,"href":"https:\/\/agora.xtec.cat\/escguillemisarn\/wp-json\/wp\/v2\/tags?post=3940"}],"curies":[{"name":"wp","href":"https:\/\/api.w.org\/{rel}","templated":true}]}}