{"id":3931,"date":"2025-04-30T10:57:51","date_gmt":"2025-04-30T08:57:51","guid":{"rendered":"https:\/\/agora.xtec.cat\/escguillemisarn\/?p=3931"},"modified":"2025-04-30T10:57:51","modified_gmt":"2025-04-30T08:57:51","slug":"final-del-certamen-de-lectura-en-veu-alta","status":"publish","type":"post","link":"https:\/\/agora.xtec.cat\/escguillemisarn\/general\/final-del-certamen-de-lectura-en-veu-alta\/","title":{"rendered":"Final del Certamen de Lectura en Veu Alta"},"content":{"rendered":"<p><a href=\"https:\/\/agora.xtec.cat\/escguillemisarn\/wp-content\/uploads\/usu1631\/2025\/04\/veu-alta-escolar.png\"><img loading=\"lazy\" decoding=\"async\" class=\"size-full wp-image-3932 aligncenter\" src=\"https:\/\/agora.xtec.cat\/escguillemisarn\/wp-content\/uploads\/usu1631\/2025\/04\/veu-alta-escolar.png\" alt=\"\" width=\"504\" height=\"160\" srcset=\"https:\/\/agora.xtec.cat\/escguillemisarn\/wp-content\/uploads\/usu1631\/2025\/04\/veu-alta-escolar.png 504w, https:\/\/agora.xtec.cat\/escguillemisarn\/wp-content\/uploads\/usu1631\/2025\/04\/veu-alta-escolar-300x95.png 300w\" sizes=\"auto, (max-width: 504px) 100vw, 504px\" \/><\/a><\/p>\n<p>El proppassat dimarts dia 29 d&#8217;abril, la Sara Rahmouni va ser la representant de la nostra escola en la categoria Timoners a la final del certamen de Lectura en Veu Alta, organitzat per Enciclop\u00e8dia Catalana amb el suport del Departament d&#8217;Educaci\u00f3.<\/p>\n<p>La final va tenir lloc al Teatre Municipal de Balaguer on hi havia tots els alumnes que havien superat les semifinals comarcals. Un plaer haver assistit a la seg\u00fcent fase i va ser una experi\u00e8ncia de gran aprenentatge per la Sara. Volem felicitar-la perqu\u00e8 ho va fer molt b\u00e9!<\/p>\n<p>Si voleu veure algunes imatges, aqu\u00ed us les deixem:\u00a0<a href=\"https:\/\/photos.app.goo.gl\/Jq1nFFFKtce8Pfr58\">https:\/\/photos.app.goo.gl\/Jq1nFFFKtce8Pfr58<\/a><\/p>\n","protected":false},"excerpt":{"rendered":"<p><a href=\"https:\/\/agora.xtec.cat\/escguillemisarn\/wp-content\/uploads\/usu1631\/2025\/04\/veu-alta-escolar.png\"><\/a><br \/>\nEl proppassat dimarts dia 29 d&#8217;abril, la Sara Rahmouni va ser la representant de la nostra escola en la categoria Timoners a la final del certamen de Lectura en Veu Alta, organitzat per Enciclop\u00e8dia Catalana amb el suport del Departament d&#8217;Educaci\u00f3.<br \/>\nLa final va tenir&hellip;  <a href=\"https:\/\/agora.xtec.cat\/escguillemisarn\/general\/final-del-certamen-de-lectura-en-veu-alta\/\" title=\"Read Final del Certamen de Lectura en Veu Alta\">Llegeix m\u00e9s\u00bb<\/a><\/p>\n","protected":false},"author":1,"featured_media":0,"comment_status":"open","ping_status":"closed","sticky":false,"template":"","format":"standard","meta":{"_bbp_topic_count":0,"_bbp_reply_count":0,"_bbp_total_topic_count":0,"_bbp_total_reply_count":0,"_bbp_voice_count":0,"_bbp_anonymous_reply_count":0,"_bbp_topic_count_hidden":0,"_bbp_reply_count_hidden":0,"_bbp_forum_subforum_count":0,"footnotes":""},"categories":[73,79,1,4,5],"tags":[],"class_list":["post-3931","post","type-post","status-publish","format-standard","hentry","category-cs","category-foment-de-la-lectura","category-general","category-portada","category-primaria"],"post_mailing_queue_ids":[],"_links":{"self":[{"href":"https:\/\/agora.xtec.cat\/escguillemisarn\/wp-json\/wp\/v2\/posts\/3931","targetHints":{"allow":["GET"]}}],"collection":[{"href":"https:\/\/agora.xtec.cat\/escguillemisarn\/wp-json\/wp\/v2\/posts"}],"about":[{"href":"https:\/\/agora.xtec.cat\/escguillemisarn\/wp-json\/wp\/v2\/types\/post"}],"author":[{"embeddable":true,"href":"https:\/\/agora.xtec.cat\/escguillemisarn\/wp-json\/wp\/v2\/users\/1"}],"replies":[{"embeddable":true,"href":"https:\/\/agora.xtec.cat\/escguillemisarn\/wp-json\/wp\/v2\/comments?post=3931"}],"version-history":[{"count":1,"href":"https:\/\/agora.xtec.cat\/escguillemisarn\/wp-json\/wp\/v2\/posts\/3931\/revisions"}],"predecessor-version":[{"id":3933,"href":"https:\/\/agora.xtec.cat\/escguillemisarn\/wp-json\/wp\/v2\/posts\/3931\/revisions\/3933"}],"wp:attachment":[{"href":"https:\/\/agora.xtec.cat\/escguillemisarn\/wp-json\/wp\/v2\/media?parent=3931"}],"wp:term":[{"taxonomy":"category","embeddable":true,"href":"https:\/\/agora.xtec.cat\/escguillemisarn\/wp-json\/wp\/v2\/categories?post=3931"},{"taxonomy":"post_tag","embeddable":true,"href":"https:\/\/agora.xtec.cat\/escguillemisarn\/wp-json\/wp\/v2\/tags?post=3931"}],"curies":[{"name":"wp","href":"https:\/\/api.w.org\/{rel}","templated":true}]}}