{"id":3918,"date":"2025-04-22T21:51:34","date_gmt":"2025-04-22T19:51:34","guid":{"rendered":"https:\/\/agora.xtec.cat\/escguillemisarn\/?p=3918"},"modified":"2025-04-27T17:11:17","modified_gmt":"2025-04-27T15:11:17","slug":"celebrem-la-setmana-cultural-a-lescola-emocionat","status":"publish","type":"post","link":"https:\/\/agora.xtec.cat\/escguillemisarn\/general\/celebrem-la-setmana-cultural-a-lescola-emocionat\/","title":{"rendered":"Celebrem la setmana cultural a l&#8217;escola: EMOCIONA&#8217;T!!!"},"content":{"rendered":"<p style=\"text-align: left;\"><a href=\"https:\/\/agora.xtec.cat\/escguillemisarn\/wp-content\/uploads\/usu1631\/2025\/04\/photo_2025-04-22_13-42-19.jpg\"><img loading=\"lazy\" decoding=\"async\" class=\"wp-image-3919 alignleft\" src=\"https:\/\/agora.xtec.cat\/escguillemisarn\/wp-content\/uploads\/usu1631\/2025\/04\/photo_2025-04-22_13-42-19.jpg\" alt=\"\" width=\"159\" height=\"176\" \/><\/a><\/p>\n<p style=\"text-align: left;\">Comencem la setmana cultural, aquest curs dedicada a les emocions. Explorarem el m\u00f3n de les emocions a trav\u00e9s de diferents disciplines art\u00edstiques com l&#8217;art, la m\u00fasica, l&#8217;expressi\u00f3 corporal i la literatura. Tindrem tallers de ioga, de mindfulness, de glosa, contes amb fam\u00edlies i amb els avis&#8230; i moltes altres activitats adaptades a cada cicle. Una setmana plena de moments per connecta-nos amb nosaltres mateixos i amb els altres.<\/p>\n<p style=\"text-align: left;\">Aqu\u00ed us deixem les fotos de les activitats dels diferents cicles. Esperem que us agradin!<\/p>\n<p>General:\u00a0<a href=\"https:\/\/photos.app.goo.gl\/sgsM4UUHxEURds9M9\">https:\/\/photos.app.goo.gl\/sgsM4UUHxEURds9M9<\/a><\/p>\n<p>Educaci\u00f3 Infantil:\u00a0<a href=\"https:\/\/photos.app.goo.gl\/AiUtnjLacTWBSm9S6\">https:\/\/photos.app.goo.gl\/AiUtnjLacTWBSm9S6<\/a><\/p>\n<p>Cicle Inicial:\u00a0 <a href=\"https:\/\/photos.app.goo.gl\/9vJQBnPXK2u3LWL4A\">https:\/\/photos.app.goo.gl\/9vJQBnPXK2u3LWL4A<\/a><\/p>\n<p>Cicle Mitj\u00e0: <a href=\"https:\/\/photos.app.goo.gl\/hjyvRsdcjcb4oguS7\">https:\/\/photos.app.goo.gl\/hjyvRsdcjcb4oguS7<\/a><\/p>\n<p>Cicle Superior:\u00a0 <a href=\"https:\/\/photos.app.goo.gl\/xYyY6RUUjwWhmzFy6\">https:\/\/photos.app.goo.gl\/xYyY6RUUjwWhmzFy6<\/a><\/p>\n","protected":false},"excerpt":{"rendered":"<p><a href=\"https:\/\/agora.xtec.cat\/escguillemisarn\/wp-content\/uploads\/usu1631\/2025\/04\/photo_2025-04-22_13-42-19.jpg\"><\/a><br \/>\nComencem la setmana cultural, aquest curs dedicada a les emocions. Explorarem el m\u00f3n de les emocions a trav\u00e9s de diferents disciplines art\u00edstiques com l&#8217;art, la m\u00fasica, l&#8217;expressi\u00f3 corporal i la literatura. Tindrem tallers de ioga, de mindfulness, de glosa, contes amb fam\u00edlies i amb&hellip;  <a href=\"https:\/\/agora.xtec.cat\/escguillemisarn\/general\/celebrem-la-setmana-cultural-a-lescola-emocionat\/\" title=\"Read Celebrem la setmana cultural a l&#8217;escola: EMOCIONA&#8217;T!!!\">Llegeix m\u00e9s\u00bb<\/a><\/p>\n","protected":false},"author":14,"featured_media":0,"comment_status":"open","ping_status":"closed","sticky":false,"template":"","format":"standard","meta":{"_bbp_topic_count":0,"_bbp_reply_count":0,"_bbp_total_topic_count":0,"_bbp_total_reply_count":0,"_bbp_voice_count":0,"_bbp_anonymous_reply_count":0,"_bbp_topic_count_hidden":0,"_bbp_reply_count_hidden":0,"_bbp_forum_subforum_count":0,"footnotes":""},"categories":[1,4],"tags":[],"class_list":["post-3918","post","type-post","status-publish","format-standard","hentry","category-general","category-portada"],"post_mailing_queue_ids":[],"_links":{"self":[{"href":"https:\/\/agora.xtec.cat\/escguillemisarn\/wp-json\/wp\/v2\/posts\/3918","targetHints":{"allow":["GET"]}}],"collection":[{"href":"https:\/\/agora.xtec.cat\/escguillemisarn\/wp-json\/wp\/v2\/posts"}],"about":[{"href":"https:\/\/agora.xtec.cat\/escguillemisarn\/wp-json\/wp\/v2\/types\/post"}],"author":[{"embeddable":true,"href":"https:\/\/agora.xtec.cat\/escguillemisarn\/wp-json\/wp\/v2\/users\/14"}],"replies":[{"embeddable":true,"href":"https:\/\/agora.xtec.cat\/escguillemisarn\/wp-json\/wp\/v2\/comments?post=3918"}],"version-history":[{"count":3,"href":"https:\/\/agora.xtec.cat\/escguillemisarn\/wp-json\/wp\/v2\/posts\/3918\/revisions"}],"predecessor-version":[{"id":3923,"href":"https:\/\/agora.xtec.cat\/escguillemisarn\/wp-json\/wp\/v2\/posts\/3918\/revisions\/3923"}],"wp:attachment":[{"href":"https:\/\/agora.xtec.cat\/escguillemisarn\/wp-json\/wp\/v2\/media?parent=3918"}],"wp:term":[{"taxonomy":"category","embeddable":true,"href":"https:\/\/agora.xtec.cat\/escguillemisarn\/wp-json\/wp\/v2\/categories?post=3918"},{"taxonomy":"post_tag","embeddable":true,"href":"https:\/\/agora.xtec.cat\/escguillemisarn\/wp-json\/wp\/v2\/tags?post=3918"}],"curies":[{"name":"wp","href":"https:\/\/api.w.org\/{rel}","templated":true}]}}