{"id":3910,"date":"2025-04-11T19:14:10","date_gmt":"2025-04-11T17:14:10","guid":{"rendered":"https:\/\/agora.xtec.cat\/escguillemisarn\/?p=3910"},"modified":"2025-04-11T19:16:32","modified_gmt":"2025-04-11T17:16:32","slug":"excursio-educacio-infantil-a-la-granja-pifarre-de-lleida","status":"publish","type":"post","link":"https:\/\/agora.xtec.cat\/escguillemisarn\/general\/excursio-educacio-infantil-a-la-granja-pifarre-de-lleida\/","title":{"rendered":"EXCURSI\u00d3  D&#8217;EDUCACI\u00d3 INFANTIL A LA GRANJA PIFARR\u00c9 DE LLEIDA"},"content":{"rendered":"<p>Avui divendres\u00a0 dia 11 d&#8217;abril els alumnes d&#8217;educaci\u00f3 infantil hem anat d&#8217;excursi\u00f3 a la granja Pifarr\u00e9 de Lleida, on hem realitzat diferents activitats relacionades amb el programa edugranja&#8217;t.Primer de tot hem fet un taller de l&#8217;hort i una bosseta d&#8217;olors amb plantes arom\u00e0tiques, tamb\u00e9 hem visitat les gallines, els conills i els hem donat de menjar.M\u00e9s tard hem realitzat un taller artesanal de farina de pan\u00eds i hem donat de menjar a les vaques.Despr\u00e9s de dinar hem pogut gaudir amb tractors i jocs rurals.<\/p>\n<p>Aqu\u00ed podeu veure un recull de les fotos de la sortida.<\/p>\n<p><a href=\"https:\/\/agora.xtec.cat\/escguillemisarn\/wp-content\/uploads\/usu1631\/2025\/04\/favicon.jpg\"><img loading=\"lazy\" decoding=\"async\" class=\"wp-image-3912 aligncenter\" src=\"https:\/\/agora.xtec.cat\/escguillemisarn\/wp-content\/uploads\/usu1631\/2025\/04\/favicon-150x150.jpg\" alt=\"\" width=\"122\" height=\"122\" srcset=\"https:\/\/agora.xtec.cat\/escguillemisarn\/wp-content\/uploads\/usu1631\/2025\/04\/favicon-150x150.jpg 150w, https:\/\/agora.xtec.cat\/escguillemisarn\/wp-content\/uploads\/usu1631\/2025\/04\/favicon.jpg 199w\" sizes=\"auto, (max-width: 122px) 100vw, 122px\" \/><\/a><\/p>\n<p><a href=\"https:\/\/photos.app.goo.gl\/yaSjrvGjLqcwZ32w7\">https:\/\/photos.app.goo.gl\/yaSjrvGjLqcwZ32w7<\/a><\/p>\n","protected":false},"excerpt":{"rendered":"<p>Avui divendres\u00a0 dia 11 d&#8217;abril els alumnes d&#8217;educaci\u00f3 infantil hem anat d&#8217;excursi\u00f3 a la granja Pifarr\u00e9 de Lleida, on hem realitzat diferents activitats relacionades amb el programa edugranja&#8217;t.Primer de tot hem fet un taller de l&#8217;hort i una bosseta d&#8217;olors amb plantes arom\u00e0tiques, tamb\u00e9 hem&hellip;  <a href=\"https:\/\/agora.xtec.cat\/escguillemisarn\/general\/excursio-educacio-infantil-a-la-granja-pifarre-de-lleida\/\" title=\"Read EXCURSI\u00d3  D&#8217;EDUCACI\u00d3 INFANTIL A LA GRANJA PIFARR\u00c9 DE LLEIDA\">Llegeix m\u00e9s\u00bb<\/a><\/p>\n","protected":false},"author":20,"featured_media":0,"comment_status":"open","ping_status":"closed","sticky":false,"template":"","format":"standard","meta":{"_bbp_topic_count":0,"_bbp_reply_count":0,"_bbp_total_topic_count":0,"_bbp_total_reply_count":0,"_bbp_voice_count":0,"_bbp_anonymous_reply_count":0,"_bbp_topic_count_hidden":0,"_bbp_reply_count_hidden":0,"_bbp_forum_subforum_count":0,"footnotes":""},"categories":[1,2,4],"tags":[],"class_list":["post-3910","post","type-post","status-publish","format-standard","hentry","category-general","category-infantil","category-portada"],"post_mailing_queue_ids":[],"_links":{"self":[{"href":"https:\/\/agora.xtec.cat\/escguillemisarn\/wp-json\/wp\/v2\/posts\/3910","targetHints":{"allow":["GET"]}}],"collection":[{"href":"https:\/\/agora.xtec.cat\/escguillemisarn\/wp-json\/wp\/v2\/posts"}],"about":[{"href":"https:\/\/agora.xtec.cat\/escguillemisarn\/wp-json\/wp\/v2\/types\/post"}],"author":[{"embeddable":true,"href":"https:\/\/agora.xtec.cat\/escguillemisarn\/wp-json\/wp\/v2\/users\/20"}],"replies":[{"embeddable":true,"href":"https:\/\/agora.xtec.cat\/escguillemisarn\/wp-json\/wp\/v2\/comments?post=3910"}],"version-history":[{"count":5,"href":"https:\/\/agora.xtec.cat\/escguillemisarn\/wp-json\/wp\/v2\/posts\/3910\/revisions"}],"predecessor-version":[{"id":3917,"href":"https:\/\/agora.xtec.cat\/escguillemisarn\/wp-json\/wp\/v2\/posts\/3910\/revisions\/3917"}],"wp:attachment":[{"href":"https:\/\/agora.xtec.cat\/escguillemisarn\/wp-json\/wp\/v2\/media?parent=3910"}],"wp:term":[{"taxonomy":"category","embeddable":true,"href":"https:\/\/agora.xtec.cat\/escguillemisarn\/wp-json\/wp\/v2\/categories?post=3910"},{"taxonomy":"post_tag","embeddable":true,"href":"https:\/\/agora.xtec.cat\/escguillemisarn\/wp-json\/wp\/v2\/tags?post=3910"}],"curies":[{"name":"wp","href":"https:\/\/api.w.org\/{rel}","templated":true}]}}