{"id":3885,"date":"2025-04-03T11:15:50","date_gmt":"2025-04-03T09:15:50","guid":{"rendered":"https:\/\/agora.xtec.cat\/escguillemisarn\/?p=3885"},"modified":"2025-04-03T11:15:50","modified_gmt":"2025-04-03T09:15:50","slug":"activitats-2n-trimestre-4t","status":"publish","type":"post","link":"https:\/\/agora.xtec.cat\/escguillemisarn\/general\/activitats-2n-trimestre-4t\/","title":{"rendered":"ACTIVITATS 2n TRIMESTRE 4t"},"content":{"rendered":"<p><a href=\"https:\/\/agora.xtec.cat\/escguillemisarn\/wp-content\/uploads\/usu1631\/2025\/04\/1c28e69119d342e1b78259dd176b96b1_0.jpg\"><img loading=\"lazy\" decoding=\"async\" class=\"alignnone wp-image-3887\" src=\"https:\/\/agora.xtec.cat\/escguillemisarn\/wp-content\/uploads\/usu1631\/2025\/04\/1c28e69119d342e1b78259dd176b96b1_0.jpg\" alt=\"\" width=\"287\" height=\"215\" srcset=\"https:\/\/agora.xtec.cat\/escguillemisarn\/wp-content\/uploads\/usu1631\/2025\/04\/1c28e69119d342e1b78259dd176b96b1_0.jpg 400w, https:\/\/agora.xtec.cat\/escguillemisarn\/wp-content\/uploads\/usu1631\/2025\/04\/1c28e69119d342e1b78259dd176b96b1_0-300x225.jpg 300w, https:\/\/agora.xtec.cat\/escguillemisarn\/wp-content\/uploads\/usu1631\/2025\/04\/1c28e69119d342e1b78259dd176b96b1_0-200x150.jpg 200w\" sizes=\"auto, (max-width: 287px) 100vw, 287px\" \/><\/a><\/p>\n<p>Durant aquest segon trimestre els alumnes de 4t han realitzat activitats durant les diverses \u00e0rees: <span style=\"font-family: Arial, sans-serif;\"><span style=\"font-size: medium;\"><span lang=\"ca-ES\">hem continuat treballant la implementaci\u00f3 en el funcionament del compostador i el compostatge. Hem elaborat una maqueta amb els moviments de rotaci\u00f3 i translaci\u00f3 de la Terra. Hem confeccionat una l\u00ednia atmosf\u00e8rica amb les capes de l\u00b4atmosfera i les seves caracter\u00edstiques i hem constru\u00eft les capes de la terra. L\u00b4experimentaci\u00f3 amb la br\u00faixola al pati per buscar diversos objectes ha estat molt engrescadora per introduir el concepte. <\/span><\/span><\/span><span style=\"font-family: Arial, sans-serif;\"><span style=\"font-size: medium;\"><span lang=\"ca-ES\">Tamb\u00e9 hem visitat l\u00b4aula sensorial treballant-hi: el per\u00edmetre, l\u00b4\u00e0rea del quadrat, el pentomino&#8230; <\/span><\/span><\/span>A part de continuar efectuant les diverses estacions a llengua i matem\u00e0tiques segons els continguts que anem treballant a l\u00b4aula.<\/p>\n<p>Aqu\u00ed us deixem un petit recull de les\u00a0 \u00a0 \u00a0<a href=\"https:\/\/photos.app.goo.gl\/kCMCRo8ncN4oDSfSA\">ACTIVITATS\u00a0<\/a><\/p>\n","protected":false},"excerpt":{"rendered":"<p><a href=\"https:\/\/agora.xtec.cat\/escguillemisarn\/wp-content\/uploads\/usu1631\/2025\/04\/1c28e69119d342e1b78259dd176b96b1_0.jpg\"><\/a><br \/>\nDurant aquest segon trimestre els alumnes de 4t han realitzat activitats durant les diverses \u00e0rees: hem continuat treballant la implementaci\u00f3 en el funcionament del compostador i el compostatge. Hem elaborat una maqueta amb els moviments de rotaci\u00f3 i translaci\u00f3 de la Terra. Hem confeccionat&hellip;  <a href=\"https:\/\/agora.xtec.cat\/escguillemisarn\/general\/activitats-2n-trimestre-4t\/\" title=\"Read ACTIVITATS 2n TRIMESTRE 4t\">Llegeix m\u00e9s\u00bb<\/a><\/p>\n","protected":false},"author":41,"featured_media":3887,"comment_status":"open","ping_status":"closed","sticky":false,"template":"","format":"standard","meta":{"_bbp_topic_count":0,"_bbp_reply_count":0,"_bbp_total_topic_count":0,"_bbp_total_reply_count":0,"_bbp_voice_count":0,"_bbp_anonymous_reply_count":0,"_bbp_topic_count_hidden":0,"_bbp_reply_count_hidden":0,"_bbp_forum_subforum_count":0,"footnotes":""},"categories":[72,1,4,5],"tags":[],"class_list":["post-3885","post","type-post","status-publish","format-standard","has-post-thumbnail","hentry","category-cm","category-general","category-portada","category-primaria"],"post_mailing_queue_ids":[],"_links":{"self":[{"href":"https:\/\/agora.xtec.cat\/escguillemisarn\/wp-json\/wp\/v2\/posts\/3885","targetHints":{"allow":["GET"]}}],"collection":[{"href":"https:\/\/agora.xtec.cat\/escguillemisarn\/wp-json\/wp\/v2\/posts"}],"about":[{"href":"https:\/\/agora.xtec.cat\/escguillemisarn\/wp-json\/wp\/v2\/types\/post"}],"author":[{"embeddable":true,"href":"https:\/\/agora.xtec.cat\/escguillemisarn\/wp-json\/wp\/v2\/users\/41"}],"replies":[{"embeddable":true,"href":"https:\/\/agora.xtec.cat\/escguillemisarn\/wp-json\/wp\/v2\/comments?post=3885"}],"version-history":[{"count":4,"href":"https:\/\/agora.xtec.cat\/escguillemisarn\/wp-json\/wp\/v2\/posts\/3885\/revisions"}],"predecessor-version":[{"id":3890,"href":"https:\/\/agora.xtec.cat\/escguillemisarn\/wp-json\/wp\/v2\/posts\/3885\/revisions\/3890"}],"wp:featuredmedia":[{"embeddable":true,"href":"https:\/\/agora.xtec.cat\/escguillemisarn\/wp-json\/wp\/v2\/media\/3887"}],"wp:attachment":[{"href":"https:\/\/agora.xtec.cat\/escguillemisarn\/wp-json\/wp\/v2\/media?parent=3885"}],"wp:term":[{"taxonomy":"category","embeddable":true,"href":"https:\/\/agora.xtec.cat\/escguillemisarn\/wp-json\/wp\/v2\/categories?post=3885"},{"taxonomy":"post_tag","embeddable":true,"href":"https:\/\/agora.xtec.cat\/escguillemisarn\/wp-json\/wp\/v2\/tags?post=3885"}],"curies":[{"name":"wp","href":"https:\/\/api.w.org\/{rel}","templated":true}]}}