{"id":3874,"date":"2025-03-27T12:18:30","date_gmt":"2025-03-27T11:18:30","guid":{"rendered":"https:\/\/agora.xtec.cat\/escguillemisarn\/?p=3874"},"modified":"2025-03-27T12:19:28","modified_gmt":"2025-03-27T11:19:28","slug":"certamen-de-lectura-en-veu-alta-2025","status":"publish","type":"post","link":"https:\/\/agora.xtec.cat\/escguillemisarn\/general\/certamen-de-lectura-en-veu-alta-2025\/","title":{"rendered":"Certamen de Lectura en Veu Alta 2025"},"content":{"rendered":"<p style=\"text-align: center;\" data-pm-slice=\"1 1 []\"><strong><a href=\"https:\/\/agora.xtec.cat\/escguillemisarn\/wp-content\/uploads\/usu1631\/2025\/03\/images.png\"><img loading=\"lazy\" decoding=\"async\" class=\"size-full wp-image-3875 aligncenter\" src=\"https:\/\/agora.xtec.cat\/escguillemisarn\/wp-content\/uploads\/usu1631\/2025\/03\/images.png\" alt=\"\" width=\"399\" height=\"126\" srcset=\"https:\/\/agora.xtec.cat\/escguillemisarn\/wp-content\/uploads\/usu1631\/2025\/03\/images.png 399w, https:\/\/agora.xtec.cat\/escguillemisarn\/wp-content\/uploads\/usu1631\/2025\/03\/images-300x95.png 300w\" sizes=\"auto, (max-width: 399px) 100vw, 399px\" \/><\/a><\/strong><\/p>\n<p style=\"text-align: center;\" data-pm-slice=\"1 1 []\"><strong>Gran \u00e8xit de la nostra escola al Certamen de Lectura en Veu Alta!<\/strong><\/p>\n<p>El passat dimecres 26 de mar\u00e7, els alumnes de cicle mitj\u00e0 i cicle superior de la nostra escola van participar al Certamen de Lectura en Veu Alta celebrat a l&#8217;Ateneu de T\u00e0rrega. Les nostres representants, Mireia Pedr\u00f3s, Urgell Inglada i Sara Rahmouni, van demostrar grans habilitats lectores i molta seguretat a l\u2019escenari.<\/p>\n<p>Totes tres ho van fer magn\u00edficament, i vam tenir la immensa alegria de guanyar en la categoria Timoners. Aix\u00f2 significa que la Sara Rahmouni representar\u00e0 la nostra escola a les semifinals del certamen, que tindran lloc al teatre municipal de Balaguer el proper dimarts 29 d\u2019abril.<\/p>\n<p>Estem molt orgullosos de les nostres alumnes i els felicitem per la seva dedicaci\u00f3 i esfor\u00e7. Ara, encoratgem la Sara a continuar treballant i li desitgem molta sort en la seg\u00fcent fase del concurs!<\/p>\n<p>Endavant, lectores i lectors! \ud83d\udcd6\ud83c\udf89<\/p>\n<p>Podeu veure algunes fotos a l&#8217;enlla\u00e7:<\/p>\n<p><a href=\"https:\/\/photos.app.goo.gl\/dpjQ64YcySRU31869\">https:\/\/photos.app.goo.gl\/dpjQ64YcySRU31869<\/a><\/p>\n","protected":false},"excerpt":{"rendered":"<p><a href=\"https:\/\/agora.xtec.cat\/escguillemisarn\/wp-content\/uploads\/usu1631\/2025\/03\/images.png\"><\/a><br \/>\nGran \u00e8xit de la nostra escola al Certamen de Lectura en Veu Alta!<br \/>\nEl passat dimecres 26 de mar\u00e7, els alumnes de cicle mitj\u00e0 i cicle superior de la nostra escola van participar al Certamen de Lectura en Veu Alta celebrat a l&#8217;Ateneu de T\u00e0rrega.&hellip;  <a href=\"https:\/\/agora.xtec.cat\/escguillemisarn\/general\/certamen-de-lectura-en-veu-alta-2025\/\" title=\"Read Certamen de Lectura en Veu Alta 2025\">Llegeix m\u00e9s\u00bb<\/a><\/p>\n","protected":false},"author":1,"featured_media":0,"comment_status":"open","ping_status":"closed","sticky":false,"template":"","format":"standard","meta":{"_bbp_topic_count":0,"_bbp_reply_count":0,"_bbp_total_topic_count":0,"_bbp_total_reply_count":0,"_bbp_voice_count":0,"_bbp_anonymous_reply_count":0,"_bbp_topic_count_hidden":0,"_bbp_reply_count_hidden":0,"_bbp_forum_subforum_count":0,"footnotes":""},"categories":[72,73,1,4,5],"tags":[],"class_list":["post-3874","post","type-post","status-publish","format-standard","hentry","category-cm","category-cs","category-general","category-portada","category-primaria"],"post_mailing_queue_ids":[],"_links":{"self":[{"href":"https:\/\/agora.xtec.cat\/escguillemisarn\/wp-json\/wp\/v2\/posts\/3874","targetHints":{"allow":["GET"]}}],"collection":[{"href":"https:\/\/agora.xtec.cat\/escguillemisarn\/wp-json\/wp\/v2\/posts"}],"about":[{"href":"https:\/\/agora.xtec.cat\/escguillemisarn\/wp-json\/wp\/v2\/types\/post"}],"author":[{"embeddable":true,"href":"https:\/\/agora.xtec.cat\/escguillemisarn\/wp-json\/wp\/v2\/users\/1"}],"replies":[{"embeddable":true,"href":"https:\/\/agora.xtec.cat\/escguillemisarn\/wp-json\/wp\/v2\/comments?post=3874"}],"version-history":[{"count":1,"href":"https:\/\/agora.xtec.cat\/escguillemisarn\/wp-json\/wp\/v2\/posts\/3874\/revisions"}],"predecessor-version":[{"id":3876,"href":"https:\/\/agora.xtec.cat\/escguillemisarn\/wp-json\/wp\/v2\/posts\/3874\/revisions\/3876"}],"wp:attachment":[{"href":"https:\/\/agora.xtec.cat\/escguillemisarn\/wp-json\/wp\/v2\/media?parent=3874"}],"wp:term":[{"taxonomy":"category","embeddable":true,"href":"https:\/\/agora.xtec.cat\/escguillemisarn\/wp-json\/wp\/v2\/categories?post=3874"},{"taxonomy":"post_tag","embeddable":true,"href":"https:\/\/agora.xtec.cat\/escguillemisarn\/wp-json\/wp\/v2\/tags?post=3874"}],"curies":[{"name":"wp","href":"https:\/\/api.w.org\/{rel}","templated":true}]}}