{"id":3869,"date":"2025-03-26T13:53:30","date_gmt":"2025-03-26T12:53:30","guid":{"rendered":"https:\/\/agora.xtec.cat\/escguillemisarn\/?p=3869"},"modified":"2025-05-14T11:46:48","modified_gmt":"2025-05-14T09:46:48","slug":"visita-a-lhort-de-ca-la-cistellera","status":"publish","type":"post","link":"https:\/\/agora.xtec.cat\/escguillemisarn\/general\/visita-a-lhort-de-ca-la-cistellera\/","title":{"rendered":"VISITA A L&#8217;HORT DE CA LA CISTELLERA"},"content":{"rendered":"<p>Avui l&#8217;alumnat de I5, 1r, 2n i 3r hem anat d&#8217;excursi\u00f3 a l&#8217;Hort de Ca la Cistellera a Juneda. Aquesta sortida s&#8217;emmarca dins el Programa de visites escolars a explotacions agr\u00edcoles i ramaderes de la Generalitat de Catalunya.<\/p>\n<p>Ens ho hem passat molt b\u00e9 fent de pagesos, hem collit enciams i bledes i tamb\u00e9 hem\u00a0 plan<a href=\"https:\/\/agora.xtec.cat\/escguillemisarn\/wp-content\/uploads\/usu1631\/2025\/03\/Ca-la-Cistellera.jpg\"><img loading=\"lazy\" decoding=\"async\" class=\"size-full wp-image-3871 alignright\" src=\"https:\/\/agora.xtec.cat\/escguillemisarn\/wp-content\/uploads\/usu1631\/2025\/03\/Ca-la-Cistellera.jpg\" alt=\"\" width=\"225\" height=\"225\" srcset=\"https:\/\/agora.xtec.cat\/escguillemisarn\/wp-content\/uploads\/usu1631\/2025\/03\/Ca-la-Cistellera.jpg 225w, https:\/\/agora.xtec.cat\/escguillemisarn\/wp-content\/uploads\/usu1631\/2025\/03\/Ca-la-Cistellera-150x150.jpg 150w\" sizes=\"auto, (max-width: 225px) 100vw, 225px\" \/><\/a>tat el nostre propi enciam. Tamb\u00e9 hem fet un taller de tast de fruites, verdures i productes l\u00e0ctics.<\/p>\n<p>Ens han explicat que tots els productes de l&#8217;hort de Ca la Cistellera s\u00f3n ecol\u00f2gics.<\/p>\n<p>Despr\u00e9s de fer la visita ens ha quedat clar que \u00e9s molt important tenir una alimentaci\u00f3 saludable, equilibrada i sostenible.<\/p>\n<p>Aqu\u00ed us deixem un recull de fotos:<\/p>\n<p><a href=\"https:\/\/photos.app.goo.gl\/5aBkwjJJT3n6udBG8\">https:\/\/photos.app.goo.gl\/5aBkwjJJT3n6udBG8<\/a><\/p>\n<p>&nbsp;<\/p>\n<p style=\"text-align: left;\">\n","protected":false},"excerpt":{"rendered":"<p>Avui l&#8217;alumnat de I5, 1r, 2n i 3r hem anat d&#8217;excursi\u00f3 a l&#8217;Hort de Ca la Cistellera a Juneda. Aquesta sortida s&#8217;emmarca dins el Programa de visites escolars a explotacions agr\u00edcoles i ramaderes de la Generalitat de Catalunya.<br \/>\nEns ho hem passat molt b\u00e9 fent de&hellip;  <a href=\"https:\/\/agora.xtec.cat\/escguillemisarn\/general\/visita-a-lhort-de-ca-la-cistellera\/\" title=\"Read VISITA A L&#8217;HORT DE CA LA CISTELLERA\">Llegeix m\u00e9s\u00bb<\/a><\/p>\n","protected":false},"author":1,"featured_media":0,"comment_status":"open","ping_status":"closed","sticky":false,"template":"","format":"standard","meta":{"_bbp_topic_count":0,"_bbp_reply_count":0,"_bbp_total_topic_count":0,"_bbp_total_reply_count":0,"_bbp_voice_count":0,"_bbp_anonymous_reply_count":0,"_bbp_topic_count_hidden":0,"_bbp_reply_count_hidden":0,"_bbp_forum_subforum_count":0,"footnotes":""},"categories":[71,72,77,1,2,4],"tags":[],"class_list":["post-3869","post","type-post","status-publish","format-standard","hentry","category-ci","category-cm","category-escola-verda","category-general","category-infantil","category-portada"],"post_mailing_queue_ids":[],"_links":{"self":[{"href":"https:\/\/agora.xtec.cat\/escguillemisarn\/wp-json\/wp\/v2\/posts\/3869","targetHints":{"allow":["GET"]}}],"collection":[{"href":"https:\/\/agora.xtec.cat\/escguillemisarn\/wp-json\/wp\/v2\/posts"}],"about":[{"href":"https:\/\/agora.xtec.cat\/escguillemisarn\/wp-json\/wp\/v2\/types\/post"}],"author":[{"embeddable":true,"href":"https:\/\/agora.xtec.cat\/escguillemisarn\/wp-json\/wp\/v2\/users\/1"}],"replies":[{"embeddable":true,"href":"https:\/\/agora.xtec.cat\/escguillemisarn\/wp-json\/wp\/v2\/comments?post=3869"}],"version-history":[{"count":2,"href":"https:\/\/agora.xtec.cat\/escguillemisarn\/wp-json\/wp\/v2\/posts\/3869\/revisions"}],"predecessor-version":[{"id":3873,"href":"https:\/\/agora.xtec.cat\/escguillemisarn\/wp-json\/wp\/v2\/posts\/3869\/revisions\/3873"}],"wp:attachment":[{"href":"https:\/\/agora.xtec.cat\/escguillemisarn\/wp-json\/wp\/v2\/media?parent=3869"}],"wp:term":[{"taxonomy":"category","embeddable":true,"href":"https:\/\/agora.xtec.cat\/escguillemisarn\/wp-json\/wp\/v2\/categories?post=3869"},{"taxonomy":"post_tag","embeddable":true,"href":"https:\/\/agora.xtec.cat\/escguillemisarn\/wp-json\/wp\/v2\/tags?post=3869"}],"curies":[{"name":"wp","href":"https:\/\/api.w.org\/{rel}","templated":true}]}}