{"id":3856,"date":"2025-03-18T12:27:48","date_gmt":"2025-03-18T11:27:48","guid":{"rendered":"https:\/\/agora.xtec.cat\/escguillemisarn\/?p=3856"},"modified":"2025-03-18T12:28:54","modified_gmt":"2025-03-18T11:28:54","slug":"contacontes","status":"publish","type":"post","link":"https:\/\/agora.xtec.cat\/escguillemisarn\/general\/contacontes\/","title":{"rendered":"CONTACONTES"},"content":{"rendered":"<p><img loading=\"lazy\" decoding=\"async\" class=\"wp-image-3857 alignleft\" src=\"https:\/\/agora.xtec.cat\/escguillemisarn\/wp-content\/uploads\/usu1631\/2025\/03\/WhatsApp-Image-2025-03-18-at-12.19.01-1-1024x768.jpeg\" alt=\"\" width=\"301\" height=\"226\" srcset=\"https:\/\/agora.xtec.cat\/escguillemisarn\/wp-content\/uploads\/usu1631\/2025\/03\/WhatsApp-Image-2025-03-18-at-12.19.01-1-1024x768.jpeg 1024w, https:\/\/agora.xtec.cat\/escguillemisarn\/wp-content\/uploads\/usu1631\/2025\/03\/WhatsApp-Image-2025-03-18-at-12.19.01-1-300x225.jpeg 300w, https:\/\/agora.xtec.cat\/escguillemisarn\/wp-content\/uploads\/usu1631\/2025\/03\/WhatsApp-Image-2025-03-18-at-12.19.01-1-768x576.jpeg 768w, https:\/\/agora.xtec.cat\/escguillemisarn\/wp-content\/uploads\/usu1631\/2025\/03\/WhatsApp-Image-2025-03-18-at-12.19.01-1-1536x1152.jpeg 1536w, https:\/\/agora.xtec.cat\/escguillemisarn\/wp-content\/uploads\/usu1631\/2025\/03\/WhatsApp-Image-2025-03-18-at-12.19.01-1-200x150.jpeg 200w, https:\/\/agora.xtec.cat\/escguillemisarn\/wp-content\/uploads\/usu1631\/2025\/03\/WhatsApp-Image-2025-03-18-at-12.19.01-1.jpeg 2040w\" sizes=\"auto, (max-width: 301px) 100vw, 301px\" \/>Avui a l&#8217;escola ens ha visitat l&#8217;ORIOL PINYOL!!!! Un contacontes d&#8217;all\u00f2 m\u00e9s divertit!!<\/p>\n<p>Els i les alumnes de cicle mitj\u00e0 i superior han gaudit de la hist\u00f2ria de Cirano de Bergerac, i Educaci\u00f3 infantil i cicle inicial hem disfrutat amb els Tres porquets i el Patufet.<\/p>\n<p>Molts gr\u00e0cies Oriol Pinyol!!!<\/p>\n<p><a href=\"https:\/\/photos.app.goo.gl\/h7nz5RRPa7NokByq6\">https:\/\/photos.app.goo.gl\/h7nz5RRPa7NokByq6<\/a><\/p>\n","protected":false},"excerpt":{"rendered":"<p>Avui a l&#8217;escola ens ha visitat l&#8217;ORIOL PINYOL!!!! Un contacontes d&#8217;all\u00f2 m\u00e9s divertit!!<br \/>\nEls i les alumnes de cicle mitj\u00e0 i superior han gaudit de la hist\u00f2ria de Cirano de Bergerac, i Educaci\u00f3 infantil i cicle inicial hem disfrutat amb els Tres porquets i el Patufet.<br \/>\nMolts&hellip;  <a href=\"https:\/\/agora.xtec.cat\/escguillemisarn\/general\/contacontes\/\" title=\"Read CONTACONTES\">Llegeix m\u00e9s\u00bb<\/a><\/p>\n","protected":false},"author":13,"featured_media":0,"comment_status":"open","ping_status":"closed","sticky":false,"template":"","format":"standard","meta":{"_bbp_topic_count":0,"_bbp_reply_count":0,"_bbp_total_topic_count":0,"_bbp_total_reply_count":0,"_bbp_voice_count":0,"_bbp_anonymous_reply_count":0,"_bbp_topic_count_hidden":0,"_bbp_reply_count_hidden":0,"_bbp_forum_subforum_count":0,"footnotes":""},"categories":[72,73,79,1,2,4,5],"tags":[],"class_list":["post-3856","post","type-post","status-publish","format-standard","hentry","category-cm","category-cs","category-foment-de-la-lectura","category-general","category-infantil","category-portada","category-primaria"],"post_mailing_queue_ids":[],"_links":{"self":[{"href":"https:\/\/agora.xtec.cat\/escguillemisarn\/wp-json\/wp\/v2\/posts\/3856","targetHints":{"allow":["GET"]}}],"collection":[{"href":"https:\/\/agora.xtec.cat\/escguillemisarn\/wp-json\/wp\/v2\/posts"}],"about":[{"href":"https:\/\/agora.xtec.cat\/escguillemisarn\/wp-json\/wp\/v2\/types\/post"}],"author":[{"embeddable":true,"href":"https:\/\/agora.xtec.cat\/escguillemisarn\/wp-json\/wp\/v2\/users\/13"}],"replies":[{"embeddable":true,"href":"https:\/\/agora.xtec.cat\/escguillemisarn\/wp-json\/wp\/v2\/comments?post=3856"}],"version-history":[{"count":1,"href":"https:\/\/agora.xtec.cat\/escguillemisarn\/wp-json\/wp\/v2\/posts\/3856\/revisions"}],"predecessor-version":[{"id":3858,"href":"https:\/\/agora.xtec.cat\/escguillemisarn\/wp-json\/wp\/v2\/posts\/3856\/revisions\/3858"}],"wp:attachment":[{"href":"https:\/\/agora.xtec.cat\/escguillemisarn\/wp-json\/wp\/v2\/media?parent=3856"}],"wp:term":[{"taxonomy":"category","embeddable":true,"href":"https:\/\/agora.xtec.cat\/escguillemisarn\/wp-json\/wp\/v2\/categories?post=3856"},{"taxonomy":"post_tag","embeddable":true,"href":"https:\/\/agora.xtec.cat\/escguillemisarn\/wp-json\/wp\/v2\/tags?post=3856"}],"curies":[{"name":"wp","href":"https:\/\/api.w.org\/{rel}","templated":true}]}}