{"id":3827,"date":"2025-03-11T21:31:07","date_gmt":"2025-03-11T20:31:07","guid":{"rendered":"https:\/\/agora.xtec.cat\/escguillemisarn\/?p=3827"},"modified":"2025-03-14T12:55:51","modified_gmt":"2025-03-14T11:55:51","slug":"celebrem-el-8m-amb-les-aguedes-de-la-fuliola-i-boldu","status":"publish","type":"post","link":"https:\/\/agora.xtec.cat\/escguillemisarn\/general\/celebrem-el-8m-amb-les-aguedes-de-la-fuliola-i-boldu\/","title":{"rendered":"CELEBREM EL 8M AMB LES \u00c0GUEDES DE LA FULIOLA I BOLD\u00da"},"content":{"rendered":"<p>Avui a la nostra escola hem celebrat el Dia Internacional de la Dona, 8M, amb la visita de Les \u00c0guedes de la Fuliola i Bold\u00fa.\u00a0 Algunes de les membres d&#8217;aquesta associaci\u00f3 ens han vingut a explicar qu\u00e8 \u00e9s l&#8217;associaci\u00f3, quan es va formar, qu\u00e8 fan&#8230; i hem fet una activitat molt divertida que ens han proposat.<\/p>\n<p>Ens ha agradat molt i hem gaudit\u00a0 molt de la seva visita.<a href=\"https:\/\/agora.xtec.cat\/escguillemisarn\/wp-content\/uploads\/usu1631\/2025\/03\/Diseno-sin-titulo.png\"><img loading=\"lazy\" decoding=\"async\" class=\" wp-image-3832 alignright\" src=\"https:\/\/agora.xtec.cat\/escguillemisarn\/wp-content\/uploads\/usu1631\/2025\/03\/Diseno-sin-titulo-212x300.png\" alt=\"\" width=\"246\" height=\"348\" srcset=\"https:\/\/agora.xtec.cat\/escguillemisarn\/wp-content\/uploads\/usu1631\/2025\/03\/Diseno-sin-titulo-212x300.png 212w, https:\/\/agora.xtec.cat\/escguillemisarn\/wp-content\/uploads\/usu1631\/2025\/03\/Diseno-sin-titulo-724x1024.png 724w, https:\/\/agora.xtec.cat\/escguillemisarn\/wp-content\/uploads\/usu1631\/2025\/03\/Diseno-sin-titulo-768x1086.png 768w, https:\/\/agora.xtec.cat\/escguillemisarn\/wp-content\/uploads\/usu1631\/2025\/03\/Diseno-sin-titulo-1086x1536.png 1086w, https:\/\/agora.xtec.cat\/escguillemisarn\/wp-content\/uploads\/usu1631\/2025\/03\/Diseno-sin-titulo.png 1414w\" sizes=\"auto, (max-width: 246px) 100vw, 246px\" \/><\/a><\/p>\n<p>Moltes gr\u00e0cies a totes les membres de l&#8217;associaci\u00f3 que avui ens han acompanyat\u00a0 i a totes les que en formen part!<\/p>\n<p>Podeu veure les fotos en el seg\u00fcent enlla\u00e7:<\/p>\n<p><a href=\"https:\/\/photos.app.goo.gl\/48r6QHicDkxZdMA37\">https:\/\/photos.app.goo.gl\/48r6QHicDkxZdMA37<\/a><\/p>\n","protected":false},"excerpt":{"rendered":"<p>Avui a la nostra escola hem celebrat el Dia Internacional de la Dona, 8M, amb la visita de Les \u00c0guedes de la Fuliola i Bold\u00fa.\u00a0 Algunes de les membres d&#8217;aquesta associaci\u00f3 ens han vingut a explicar qu\u00e8 \u00e9s l&#8217;associaci\u00f3, quan es va formar, qu\u00e8 fan&#8230;&hellip;  <a href=\"https:\/\/agora.xtec.cat\/escguillemisarn\/general\/celebrem-el-8m-amb-les-aguedes-de-la-fuliola-i-boldu\/\" title=\"Read CELEBREM EL 8M AMB LES \u00c0GUEDES DE LA FULIOLA I BOLD\u00da\">Llegeix m\u00e9s\u00bb<\/a><\/p>\n","protected":false},"author":1,"featured_media":0,"comment_status":"open","ping_status":"closed","sticky":false,"template":"","format":"standard","meta":{"_bbp_topic_count":0,"_bbp_reply_count":0,"_bbp_total_topic_count":0,"_bbp_total_reply_count":0,"_bbp_voice_count":0,"_bbp_anonymous_reply_count":0,"_bbp_topic_count_hidden":0,"_bbp_reply_count_hidden":0,"_bbp_forum_subforum_count":0,"footnotes":""},"categories":[1,4,5],"tags":[],"class_list":["post-3827","post","type-post","status-publish","format-standard","hentry","category-general","category-portada","category-primaria"],"post_mailing_queue_ids":[],"_links":{"self":[{"href":"https:\/\/agora.xtec.cat\/escguillemisarn\/wp-json\/wp\/v2\/posts\/3827","targetHints":{"allow":["GET"]}}],"collection":[{"href":"https:\/\/agora.xtec.cat\/escguillemisarn\/wp-json\/wp\/v2\/posts"}],"about":[{"href":"https:\/\/agora.xtec.cat\/escguillemisarn\/wp-json\/wp\/v2\/types\/post"}],"author":[{"embeddable":true,"href":"https:\/\/agora.xtec.cat\/escguillemisarn\/wp-json\/wp\/v2\/users\/1"}],"replies":[{"embeddable":true,"href":"https:\/\/agora.xtec.cat\/escguillemisarn\/wp-json\/wp\/v2\/comments?post=3827"}],"version-history":[{"count":4,"href":"https:\/\/agora.xtec.cat\/escguillemisarn\/wp-json\/wp\/v2\/posts\/3827\/revisions"}],"predecessor-version":[{"id":3833,"href":"https:\/\/agora.xtec.cat\/escguillemisarn\/wp-json\/wp\/v2\/posts\/3827\/revisions\/3833"}],"wp:attachment":[{"href":"https:\/\/agora.xtec.cat\/escguillemisarn\/wp-json\/wp\/v2\/media?parent=3827"}],"wp:term":[{"taxonomy":"category","embeddable":true,"href":"https:\/\/agora.xtec.cat\/escguillemisarn\/wp-json\/wp\/v2\/categories?post=3827"},{"taxonomy":"post_tag","embeddable":true,"href":"https:\/\/agora.xtec.cat\/escguillemisarn\/wp-json\/wp\/v2\/tags?post=3827"}],"curies":[{"name":"wp","href":"https:\/\/api.w.org\/{rel}","templated":true}]}}