{"id":3814,"date":"2025-03-04T21:57:32","date_gmt":"2025-03-04T20:57:32","guid":{"rendered":"https:\/\/agora.xtec.cat\/escguillemisarn\/?p=3814"},"modified":"2025-03-06T09:14:02","modified_gmt":"2025-03-06T08:14:02","slug":"empatitzem-cicle-mitja","status":"publish","type":"post","link":"https:\/\/agora.xtec.cat\/escguillemisarn\/general\/empatitzem-cicle-mitja\/","title":{"rendered":"Empatitzem&#8230; Cicle Mitj\u00e0"},"content":{"rendered":"<p><img loading=\"lazy\" decoding=\"async\" class=\" wp-image-3816 alignleft\" src=\"https:\/\/agora.xtec.cat\/escguillemisarn\/wp-content\/uploads\/usu1631\/2025\/03\/5cfc95e0237b20d19e611cfea20996b5-1.jpg\" alt=\"\" width=\"280\" height=\"280\" srcset=\"https:\/\/agora.xtec.cat\/escguillemisarn\/wp-content\/uploads\/usu1631\/2025\/03\/5cfc95e0237b20d19e611cfea20996b5-1.jpg 512w, https:\/\/agora.xtec.cat\/escguillemisarn\/wp-content\/uploads\/usu1631\/2025\/03\/5cfc95e0237b20d19e611cfea20996b5-1-300x300.jpg 300w, https:\/\/agora.xtec.cat\/escguillemisarn\/wp-content\/uploads\/usu1631\/2025\/03\/5cfc95e0237b20d19e611cfea20996b5-1-150x150.jpg 150w\" sizes=\"auto, (max-width: 280px) 100vw, 280px\" \/><\/p>\n<p>Qu\u00e8 \u00e9s l&#8217;empatia? L&#8217;empatia \u00e9s saber-se posar al lloc de l&#8217;altre. I \u00e9s el valor m\u00e9s important en les relacions humanes. Per aix\u00f2, de la m\u00e0 de la Maria i de l&#8217;\u00cdngrid, les nenes i els nens es posen en situaci\u00f3 per treballar el fet de comprendre els altres. Jugant al joc de &#8220;El cec i el pigall&#8221; cada parella t\u00e9 l&#8217;oportunitat d&#8217;experimentar les dificultats que tenen les persones sense visi\u00f3 i les sensacions que\u00a0han tingut durant el desenvolupament de l\u2019activitat.<\/p>\n<p>Gr\u00e0cies a les dues.<\/p>\n<p><a href=\"https:\/\/photos.app.goo.gl\/WjcycYMpA4kUAXGa9\">Feu clic<\/a><\/p>\n","protected":false},"excerpt":{"rendered":"<p>Qu\u00e8 \u00e9s l&#8217;empatia? L&#8217;empatia \u00e9s saber-se posar al lloc de l&#8217;altre. I \u00e9s el valor m\u00e9s important en les relacions humanes. Per aix\u00f2, de la m\u00e0 de la Maria i de l&#8217;\u00cdngrid, les nenes i els nens es posen en situaci\u00f3 per treballar el fet&hellip;  <a href=\"https:\/\/agora.xtec.cat\/escguillemisarn\/general\/empatitzem-cicle-mitja\/\" title=\"Read Empatitzem&#8230; Cicle Mitj\u00e0\">Llegeix m\u00e9s\u00bb<\/a><\/p>\n","protected":false},"author":11,"featured_media":3815,"comment_status":"open","ping_status":"closed","sticky":false,"template":"","format":"standard","meta":{"_bbp_topic_count":0,"_bbp_reply_count":0,"_bbp_total_topic_count":0,"_bbp_total_reply_count":0,"_bbp_voice_count":0,"_bbp_anonymous_reply_count":0,"_bbp_topic_count_hidden":0,"_bbp_reply_count_hidden":0,"_bbp_forum_subforum_count":0,"footnotes":""},"categories":[72,1,4,5],"tags":[],"class_list":["post-3814","post","type-post","status-publish","format-standard","has-post-thumbnail","hentry","category-cm","category-general","category-portada","category-primaria"],"post_mailing_queue_ids":[],"_links":{"self":[{"href":"https:\/\/agora.xtec.cat\/escguillemisarn\/wp-json\/wp\/v2\/posts\/3814","targetHints":{"allow":["GET"]}}],"collection":[{"href":"https:\/\/agora.xtec.cat\/escguillemisarn\/wp-json\/wp\/v2\/posts"}],"about":[{"href":"https:\/\/agora.xtec.cat\/escguillemisarn\/wp-json\/wp\/v2\/types\/post"}],"author":[{"embeddable":true,"href":"https:\/\/agora.xtec.cat\/escguillemisarn\/wp-json\/wp\/v2\/users\/11"}],"replies":[{"embeddable":true,"href":"https:\/\/agora.xtec.cat\/escguillemisarn\/wp-json\/wp\/v2\/comments?post=3814"}],"version-history":[{"count":1,"href":"https:\/\/agora.xtec.cat\/escguillemisarn\/wp-json\/wp\/v2\/posts\/3814\/revisions"}],"predecessor-version":[{"id":3817,"href":"https:\/\/agora.xtec.cat\/escguillemisarn\/wp-json\/wp\/v2\/posts\/3814\/revisions\/3817"}],"wp:featuredmedia":[{"embeddable":true,"href":"https:\/\/agora.xtec.cat\/escguillemisarn\/wp-json\/wp\/v2\/media\/3815"}],"wp:attachment":[{"href":"https:\/\/agora.xtec.cat\/escguillemisarn\/wp-json\/wp\/v2\/media?parent=3814"}],"wp:term":[{"taxonomy":"category","embeddable":true,"href":"https:\/\/agora.xtec.cat\/escguillemisarn\/wp-json\/wp\/v2\/categories?post=3814"},{"taxonomy":"post_tag","embeddable":true,"href":"https:\/\/agora.xtec.cat\/escguillemisarn\/wp-json\/wp\/v2\/tags?post=3814"}],"curies":[{"name":"wp","href":"https:\/\/api.w.org\/{rel}","templated":true}]}}