{"id":3804,"date":"2025-02-27T12:52:23","date_gmt":"2025-02-27T11:52:23","guid":{"rendered":"https:\/\/agora.xtec.cat\/escguillemisarn\/?p=3804"},"modified":"2025-03-07T09:26:47","modified_gmt":"2025-03-07T08:26:47","slug":"carnavalart","status":"publish","type":"post","link":"https:\/\/agora.xtec.cat\/escguillemisarn\/general\/carnavalart\/","title":{"rendered":"CARNAVAL&#8217;ART"},"content":{"rendered":"<p><img loading=\"lazy\" decoding=\"async\" class=\"aligncenter\" src=\"https:\/\/agora.xtec.cat\/escguillemisarn\/wp-content\/uploads\/usu1631\/2025\/02\/Carnavalart.jpg\" width=\"182\" height=\"257\" \/><\/p>\n<p class=\"cvGsUA direction-ltr align-center para-style-body\" style=\"text-align: left;\"><span class=\"OYPEnA font-feature-liga-off font-feature-clig-off font-feature-calt-off text-decoration-none text-strikethrough-none\">Dijous dia 27 de febrer, la nostra estimada Reina Carnestoltes va arribar a l&#8217;escola per portar-nos la festa i l\u2019alegria del carnestoltes!<\/span><\/p>\n<p class=\"cvGsUA direction-ltr align-center para-style-body\" style=\"text-align: left;\"><span class=\"OYPEnA font-feature-liga-off font-feature-clig-off font-feature-calt-off text-decoration-none text-strikethrough-none\">Amb un gran somriure, ens va deixar les consignes que al llarg d&#8217;aquesta setmana hem anat seguint tal com ens va dir. L<\/span><span class=\"OYPEnA font-feature-liga-off font-feature-clig-off font-feature-calt-off text-decoration-none text-strikethrough-none\">a diversi\u00f3 i la imaginaci\u00f3 han estat les nostres guies durant aquests dies. <\/span><\/p>\n<p>I per fi, avui ha arribat el gran dia de l&#8217;esperada Rua de Carnaval. Un dia ple d&#8217;alegria i diversi\u00f3 que des dels m\u00e9s grans als m\u00e9s petits gaudim.<\/p>\n<p>I acabem la setmana amb el Judici de la Reina Carnestoltes i l&#8217;arribada de la Vella Quaresma, amb ella ens arriba la pau i la tranquil\u00b7litat.<\/p>\n<p class=\"cvGsUA direction-ltr align-center para-style-body\" style=\"text-align: left;\"><span class=\"OYPEnA font-feature-liga-off font-feature-clig-off font-feature-calt-off text-decoration-none text-strikethrough-none\">Gr\u00e0cies, Reina Carnestoltes, per portar-nos tantes rialles! Ha estat una setmana plena de m\u00e0gia i alegria.<\/span><\/p>\n<p><a href=\"https:\/\/photos.app.goo.gl\/B1abpE4GG5bkB12x9\">https:\/\/photos.app.goo.gl\/B1abpE4GG5bkB12x9<\/a><\/p>\n","protected":false},"excerpt":{"rendered":"<p>Dijous dia 27 de febrer, la nostra estimada Reina Carnestoltes va arribar a l&#8217;escola per portar-nos la festa i l\u2019alegria del carnestoltes!<br \/>\nAmb un gran somriure, ens va deixar les consignes que al llarg d&#8217;aquesta setmana hem anat seguint tal com ens va dir. La diversi\u00f3&hellip;  <a href=\"https:\/\/agora.xtec.cat\/escguillemisarn\/general\/carnavalart\/\" title=\"Read CARNAVAL&#8217;ART\">Llegeix m\u00e9s\u00bb<\/a><\/p>\n","protected":false},"author":6,"featured_media":3805,"comment_status":"open","ping_status":"closed","sticky":false,"template":"","format":"standard","meta":{"_bbp_topic_count":0,"_bbp_reply_count":0,"_bbp_total_topic_count":0,"_bbp_total_reply_count":0,"_bbp_voice_count":0,"_bbp_anonymous_reply_count":0,"_bbp_topic_count_hidden":0,"_bbp_reply_count_hidden":0,"_bbp_forum_subforum_count":0,"footnotes":""},"categories":[1,2,4,5],"tags":[],"class_list":["post-3804","post","type-post","status-publish","format-standard","has-post-thumbnail","hentry","category-general","category-infantil","category-portada","category-primaria"],"post_mailing_queue_ids":[],"_links":{"self":[{"href":"https:\/\/agora.xtec.cat\/escguillemisarn\/wp-json\/wp\/v2\/posts\/3804","targetHints":{"allow":["GET"]}}],"collection":[{"href":"https:\/\/agora.xtec.cat\/escguillemisarn\/wp-json\/wp\/v2\/posts"}],"about":[{"href":"https:\/\/agora.xtec.cat\/escguillemisarn\/wp-json\/wp\/v2\/types\/post"}],"author":[{"embeddable":true,"href":"https:\/\/agora.xtec.cat\/escguillemisarn\/wp-json\/wp\/v2\/users\/6"}],"replies":[{"embeddable":true,"href":"https:\/\/agora.xtec.cat\/escguillemisarn\/wp-json\/wp\/v2\/comments?post=3804"}],"version-history":[{"count":5,"href":"https:\/\/agora.xtec.cat\/escguillemisarn\/wp-json\/wp\/v2\/posts\/3804\/revisions"}],"predecessor-version":[{"id":3826,"href":"https:\/\/agora.xtec.cat\/escguillemisarn\/wp-json\/wp\/v2\/posts\/3804\/revisions\/3826"}],"wp:featuredmedia":[{"embeddable":true,"href":"https:\/\/agora.xtec.cat\/escguillemisarn\/wp-json\/wp\/v2\/media\/3805"}],"wp:attachment":[{"href":"https:\/\/agora.xtec.cat\/escguillemisarn\/wp-json\/wp\/v2\/media?parent=3804"}],"wp:term":[{"taxonomy":"category","embeddable":true,"href":"https:\/\/agora.xtec.cat\/escguillemisarn\/wp-json\/wp\/v2\/categories?post=3804"},{"taxonomy":"post_tag","embeddable":true,"href":"https:\/\/agora.xtec.cat\/escguillemisarn\/wp-json\/wp\/v2\/tags?post=3804"}],"curies":[{"name":"wp","href":"https:\/\/api.w.org\/{rel}","templated":true}]}}