{"id":3800,"date":"2025-02-25T13:53:26","date_gmt":"2025-02-25T12:53:26","guid":{"rendered":"https:\/\/agora.xtec.cat\/escguillemisarn\/?p=3800"},"modified":"2025-03-03T16:17:06","modified_gmt":"2025-03-03T15:17:06","slug":"gimcana-inclusiva-del-sistema-solar","status":"publish","type":"post","link":"https:\/\/agora.xtec.cat\/escguillemisarn\/general\/gimcana-inclusiva-del-sistema-solar\/","title":{"rendered":"Gimcana inclusiva del sistema solar"},"content":{"rendered":"<p>El passat dimecres 19 de febrer, l&#8217;alumnat de cicle superior van participar en una gimcana inclusiva on es treballava el sistema solar impartida per l&#8217;\u00cdngrid, l&#8217;estudiant que tenim a l&#8217;escola en pr\u00e0ctiques del cicle d&#8217;Integraci\u00f3 Social, i la M\u00edriam, una companya seva de l&#8217;Institut Almat\u00e0 de Balaguer.<\/p>\n<p>Aqu\u00ed teniu un recull de fotografies on totes i tots ens ho v\u00e0rem passar molt b\u00e9!<\/p>\n<p><a href=\"https:\/\/photos.app.goo.gl\/3bFHZ97HsSPyRaB36\">https:\/\/photos.app.goo.gl\/3bFHZ97HsSPyRaB36<\/a><\/p>\n","protected":false},"excerpt":{"rendered":"<p>El passat dimecres 19 de febrer, l&#8217;alumnat de cicle superior van participar en una gimcana inclusiva on es treballava el sistema solar impartida per l&#8217;\u00cdngrid, l&#8217;estudiant que tenim a l&#8217;escola en pr\u00e0ctiques del cicle d&#8217;Integraci\u00f3 Social, i la M\u00edriam, una companya seva de l&#8217;Institut Almat\u00e0&hellip;  <a href=\"https:\/\/agora.xtec.cat\/escguillemisarn\/general\/gimcana-inclusiva-del-sistema-solar\/\" title=\"Read Gimcana inclusiva del sistema solar\">Llegeix m\u00e9s\u00bb<\/a><\/p>\n","protected":false},"author":1,"featured_media":0,"comment_status":"open","ping_status":"closed","sticky":false,"template":"","format":"standard","meta":{"_bbp_topic_count":0,"_bbp_reply_count":0,"_bbp_total_topic_count":0,"_bbp_total_reply_count":0,"_bbp_voice_count":0,"_bbp_anonymous_reply_count":0,"_bbp_topic_count_hidden":0,"_bbp_reply_count_hidden":0,"_bbp_forum_subforum_count":0,"footnotes":""},"categories":[73,1,5,78],"tags":[],"class_list":["post-3800","post","type-post","status-publish","format-standard","hentry","category-cs","category-general","category-primaria","category-science"],"post_mailing_queue_ids":[],"_links":{"self":[{"href":"https:\/\/agora.xtec.cat\/escguillemisarn\/wp-json\/wp\/v2\/posts\/3800","targetHints":{"allow":["GET"]}}],"collection":[{"href":"https:\/\/agora.xtec.cat\/escguillemisarn\/wp-json\/wp\/v2\/posts"}],"about":[{"href":"https:\/\/agora.xtec.cat\/escguillemisarn\/wp-json\/wp\/v2\/types\/post"}],"author":[{"embeddable":true,"href":"https:\/\/agora.xtec.cat\/escguillemisarn\/wp-json\/wp\/v2\/users\/1"}],"replies":[{"embeddable":true,"href":"https:\/\/agora.xtec.cat\/escguillemisarn\/wp-json\/wp\/v2\/comments?post=3800"}],"version-history":[{"count":2,"href":"https:\/\/agora.xtec.cat\/escguillemisarn\/wp-json\/wp\/v2\/posts\/3800\/revisions"}],"predecessor-version":[{"id":3802,"href":"https:\/\/agora.xtec.cat\/escguillemisarn\/wp-json\/wp\/v2\/posts\/3800\/revisions\/3802"}],"wp:attachment":[{"href":"https:\/\/agora.xtec.cat\/escguillemisarn\/wp-json\/wp\/v2\/media?parent=3800"}],"wp:term":[{"taxonomy":"category","embeddable":true,"href":"https:\/\/agora.xtec.cat\/escguillemisarn\/wp-json\/wp\/v2\/categories?post=3800"},{"taxonomy":"post_tag","embeddable":true,"href":"https:\/\/agora.xtec.cat\/escguillemisarn\/wp-json\/wp\/v2\/tags?post=3800"}],"curies":[{"name":"wp","href":"https:\/\/api.w.org\/{rel}","templated":true}]}}