{"id":3795,"date":"2025-02-24T11:25:16","date_gmt":"2025-02-24T10:25:16","guid":{"rendered":"https:\/\/agora.xtec.cat\/escguillemisarn\/?p=3795"},"modified":"2025-03-03T16:17:20","modified_gmt":"2025-03-03T15:17:20","slug":"frenem-la-miopia-3r","status":"publish","type":"post","link":"https:\/\/agora.xtec.cat\/escguillemisarn\/general\/frenem-la-miopia-3r\/","title":{"rendered":"FRENEM LA MIOPIA &#8211; 3r"},"content":{"rendered":"<p><a href=\"https:\/\/agora.xtec.cat\/escguillemisarn\/wp-content\/uploads\/usu1631\/2025\/02\/baixa-2.jpg\"><img loading=\"lazy\" decoding=\"async\" class=\"size-full wp-image-3798 alignleft\" src=\"https:\/\/agora.xtec.cat\/escguillemisarn\/wp-content\/uploads\/usu1631\/2025\/02\/baixa-2.jpg\" alt=\"\" width=\"225\" height=\"225\" srcset=\"https:\/\/agora.xtec.cat\/escguillemisarn\/wp-content\/uploads\/usu1631\/2025\/02\/baixa-2.jpg 225w, https:\/\/agora.xtec.cat\/escguillemisarn\/wp-content\/uploads\/usu1631\/2025\/02\/baixa-2-150x150.jpg 150w\" sizes=\"auto, (max-width: 225px) 100vw, 225px\" \/><\/a>Aquest mat\u00ed l\u2019alumnat de 3r ha gaudit d\u2019un taller sobre la miopia de la m\u00e0 d&#8217;\u00f2ptics i optometristes del Natural \u00d2ptics de T\u00e0rrega.<\/p>\n<p>Despr\u00e9s de fer cinc c\u00e8ntims sobre qu\u00e8 \u00e9s la miopia, l\u2019alumnat ha pogut participar en un concurs entre elles i ells responent a preguntes relacionades amb la informaci\u00f3 que pr\u00e8viament havien explicat.<\/p>\n<p>Tamb\u00e9 han jugat amb la Vicky i el Luka, qui tenen la missi\u00f3 de frenar la miopia al m\u00f3n.<\/p>\n<p>En acabar, han repartit uns fullets molt interessants de llegir per vosaltres, les fam\u00edlies.<\/p>\n<p>Us en deixem un recull de fotografies seguidament:<\/p>\n<p><a href=\"https:\/\/photos.app.goo.gl\/83CsAE7aHFCLvftN8\">https:\/\/photos.app.goo.gl\/83CsAE7aHFCLvftN8<\/a><\/p>\n<p>&nbsp;<\/p>\n","protected":false},"excerpt":{"rendered":"<p><a href=\"https:\/\/agora.xtec.cat\/escguillemisarn\/wp-content\/uploads\/usu1631\/2025\/02\/baixa-2.jpg\"><\/a>Aquest mat\u00ed l\u2019alumnat de 3r ha gaudit d\u2019un taller sobre la miopia de la m\u00e0 d&#8217;\u00f2ptics i optometristes del Natural \u00d2ptics de T\u00e0rrega.<br \/>\nDespr\u00e9s de fer cinc c\u00e8ntims sobre qu\u00e8 \u00e9s la miopia, l\u2019alumnat ha pogut participar en un concurs entre elles i ells responent&hellip;  <a href=\"https:\/\/agora.xtec.cat\/escguillemisarn\/general\/frenem-la-miopia-3r\/\" title=\"Read FRENEM LA MIOPIA &#8211; 3r\">Llegeix m\u00e9s\u00bb<\/a><\/p>\n","protected":false},"author":11,"featured_media":3796,"comment_status":"open","ping_status":"closed","sticky":false,"template":"","format":"standard","meta":{"_bbp_topic_count":0,"_bbp_reply_count":0,"_bbp_total_topic_count":0,"_bbp_total_reply_count":0,"_bbp_voice_count":0,"_bbp_anonymous_reply_count":0,"_bbp_topic_count_hidden":0,"_bbp_reply_count_hidden":0,"_bbp_forum_subforum_count":0,"footnotes":""},"categories":[1],"tags":[],"class_list":["post-3795","post","type-post","status-publish","format-standard","has-post-thumbnail","hentry","category-general"],"post_mailing_queue_ids":[],"_links":{"self":[{"href":"https:\/\/agora.xtec.cat\/escguillemisarn\/wp-json\/wp\/v2\/posts\/3795","targetHints":{"allow":["GET"]}}],"collection":[{"href":"https:\/\/agora.xtec.cat\/escguillemisarn\/wp-json\/wp\/v2\/posts"}],"about":[{"href":"https:\/\/agora.xtec.cat\/escguillemisarn\/wp-json\/wp\/v2\/types\/post"}],"author":[{"embeddable":true,"href":"https:\/\/agora.xtec.cat\/escguillemisarn\/wp-json\/wp\/v2\/users\/11"}],"replies":[{"embeddable":true,"href":"https:\/\/agora.xtec.cat\/escguillemisarn\/wp-json\/wp\/v2\/comments?post=3795"}],"version-history":[{"count":2,"href":"https:\/\/agora.xtec.cat\/escguillemisarn\/wp-json\/wp\/v2\/posts\/3795\/revisions"}],"predecessor-version":[{"id":3799,"href":"https:\/\/agora.xtec.cat\/escguillemisarn\/wp-json\/wp\/v2\/posts\/3795\/revisions\/3799"}],"wp:featuredmedia":[{"embeddable":true,"href":"https:\/\/agora.xtec.cat\/escguillemisarn\/wp-json\/wp\/v2\/media\/3796"}],"wp:attachment":[{"href":"https:\/\/agora.xtec.cat\/escguillemisarn\/wp-json\/wp\/v2\/media?parent=3795"}],"wp:term":[{"taxonomy":"category","embeddable":true,"href":"https:\/\/agora.xtec.cat\/escguillemisarn\/wp-json\/wp\/v2\/categories?post=3795"},{"taxonomy":"post_tag","embeddable":true,"href":"https:\/\/agora.xtec.cat\/escguillemisarn\/wp-json\/wp\/v2\/tags?post=3795"}],"curies":[{"name":"wp","href":"https:\/\/api.w.org\/{rel}","templated":true}]}}