{"id":3775,"date":"2025-02-12T18:21:34","date_gmt":"2025-02-12T17:21:34","guid":{"rendered":"https:\/\/agora.xtec.cat\/escguillemisarn\/?p=3775"},"modified":"2025-02-12T18:23:00","modified_gmt":"2025-02-12T17:23:00","slug":"teatre-a-infantil-i4-i5-sigues-tortuga","status":"publish","type":"post","link":"https:\/\/agora.xtec.cat\/escguillemisarn\/general\/teatre-a-infantil-i4-i5-sigues-tortuga\/","title":{"rendered":"TEATRE A INFANTIL I4   I5   SIGUES TORTUGA"},"content":{"rendered":"<p>Dins el programa comarcal de suport a l&#8217;educaci\u00f3 de l&#8217;Urgell, els alumnes d&#8217;I4 i d&#8217;I5 han anat a veure l&#8217;obra de teatre &#8220;Sigues tortuga&#8221; de la companyia XIP\u00a0 XAP.Amb la f\u00f3rmula de faula, un gall i unes tortugues entranyables ens faran descobrir la import\u00e0ncia de viure i gaudir de les coses d&#8217;una forma tranquil.la i sense preses, i el gran poder que t\u00e9 el fet de ser amable i estimar sense esperar res a canvi.Amb el seu entranyable optimisme i la seva bondat infinita, les tortugues posaran a prova la paci\u00e8ncia del gall i li ensenyaran que, en aquesta vida, el que importa no \u00e9s arribar lluny sin\u00f3 gaudir del cam\u00ed.<\/p>\n<p>A continuaci\u00f3 podeu veure algunes fotos de la sortida a T\u00e0rrega.<a href=\"https:\/\/agora.xtec.cat\/escguillemisarn\/wp-content\/uploads\/usu1631\/2025\/02\/2_FundacioXarxa_XipXap_SiguesTortuga2.jpg\"><img loading=\"lazy\" decoding=\"async\" class=\"size-thumbnail wp-image-3777 alignleft\" src=\"https:\/\/agora.xtec.cat\/escguillemisarn\/wp-content\/uploads\/usu1631\/2025\/02\/2_FundacioXarxa_XipXap_SiguesTortuga2-150x150.jpg\" alt=\"\" width=\"150\" height=\"150\" \/><\/a><\/p>\n<p><a href=\"https:\/\/photos.app.goo.gl\/8pt2DSU3UqvkbWBx7\">https:\/\/photos.app.goo.gl\/8pt2DSU3UqvkbWBx7<\/a><\/p>\n","protected":false},"excerpt":{"rendered":"<p>Dins el programa comarcal de suport a l&#8217;educaci\u00f3 de l&#8217;Urgell, els alumnes d&#8217;I4 i d&#8217;I5 han anat a veure l&#8217;obra de teatre &#8220;Sigues tortuga&#8221; de la companyia XIP\u00a0 XAP.Amb la f\u00f3rmula de faula, un gall i unes tortugues entranyables ens faran descobrir la import\u00e0ncia de&hellip;  <a href=\"https:\/\/agora.xtec.cat\/escguillemisarn\/general\/teatre-a-infantil-i4-i5-sigues-tortuga\/\" title=\"Read TEATRE A INFANTIL I4   I5   SIGUES TORTUGA\">Llegeix m\u00e9s\u00bb<\/a><\/p>\n","protected":false},"author":20,"featured_media":0,"comment_status":"open","ping_status":"closed","sticky":false,"template":"","format":"standard","meta":{"_bbp_topic_count":0,"_bbp_reply_count":0,"_bbp_total_topic_count":0,"_bbp_total_reply_count":0,"_bbp_voice_count":0,"_bbp_anonymous_reply_count":0,"_bbp_topic_count_hidden":0,"_bbp_reply_count_hidden":0,"_bbp_forum_subforum_count":0,"footnotes":""},"categories":[79,1,2,4],"tags":[],"class_list":["post-3775","post","type-post","status-publish","format-standard","hentry","category-foment-de-la-lectura","category-general","category-infantil","category-portada"],"post_mailing_queue_ids":[],"_links":{"self":[{"href":"https:\/\/agora.xtec.cat\/escguillemisarn\/wp-json\/wp\/v2\/posts\/3775","targetHints":{"allow":["GET"]}}],"collection":[{"href":"https:\/\/agora.xtec.cat\/escguillemisarn\/wp-json\/wp\/v2\/posts"}],"about":[{"href":"https:\/\/agora.xtec.cat\/escguillemisarn\/wp-json\/wp\/v2\/types\/post"}],"author":[{"embeddable":true,"href":"https:\/\/agora.xtec.cat\/escguillemisarn\/wp-json\/wp\/v2\/users\/20"}],"replies":[{"embeddable":true,"href":"https:\/\/agora.xtec.cat\/escguillemisarn\/wp-json\/wp\/v2\/comments?post=3775"}],"version-history":[{"count":2,"href":"https:\/\/agora.xtec.cat\/escguillemisarn\/wp-json\/wp\/v2\/posts\/3775\/revisions"}],"predecessor-version":[{"id":3778,"href":"https:\/\/agora.xtec.cat\/escguillemisarn\/wp-json\/wp\/v2\/posts\/3775\/revisions\/3778"}],"wp:attachment":[{"href":"https:\/\/agora.xtec.cat\/escguillemisarn\/wp-json\/wp\/v2\/media?parent=3775"}],"wp:term":[{"taxonomy":"category","embeddable":true,"href":"https:\/\/agora.xtec.cat\/escguillemisarn\/wp-json\/wp\/v2\/categories?post=3775"},{"taxonomy":"post_tag","embeddable":true,"href":"https:\/\/agora.xtec.cat\/escguillemisarn\/wp-json\/wp\/v2\/tags?post=3775"}],"curies":[{"name":"wp","href":"https:\/\/api.w.org\/{rel}","templated":true}]}}