{"id":3769,"date":"2025-02-05T13:31:18","date_gmt":"2025-02-05T12:31:18","guid":{"rendered":"https:\/\/agora.xtec.cat\/escguillemisarn\/?p=3769"},"modified":"2025-02-05T13:31:18","modified_gmt":"2025-02-05T12:31:18","slug":"adeu-peter-pan","status":"publish","type":"post","link":"https:\/\/agora.xtec.cat\/escguillemisarn\/general\/adeu-peter-pan\/","title":{"rendered":"AD\u00c9U, PETER PAN!"},"content":{"rendered":"<p><img loading=\"lazy\" decoding=\"async\" class=\"size-full wp-image-3770 alignleft\" src=\"https:\/\/agora.xtec.cat\/escguillemisarn\/wp-content\/uploads\/usu1631\/2025\/02\/baixa.jpg\" alt=\"\" width=\"275\" height=\"183\" \/>Avui cicle inicial hem anat al Teatre Ateneu de T\u00e0rrega per veure l&#8217;obra &#8220;Ad\u00e9u, Peter Pan&#8221; de la companyia Festuc Teatre. Un espectacle de titelles i actors, on hem conegut la Maria, una nena amb molta imaginaci\u00f3, que li encanten els contes, les hist\u00f2ries i les aventures que li explica el seu avi, amb qui passa totes les tardes jugant a ser <strong>PETER PAN<\/strong>.<br \/>\nPer\u00f2, de sobte, una nit, els nens perduts s\u2019enduen la Maria de la seva habitaci\u00f3 cap al Pa\u00eds de Mai M\u00e9s. I aqu\u00ed comen\u00e7a la seva gran aventura!!!!!!!!!<\/p>\n<p>Ens ha encantat compartir totes aquestes aventures amb la MARIPAN!!!!!<\/p>\n<p><a href=\"https:\/\/photos.app.goo.gl\/5Nq593p7vpXNTLd5A\">https:\/\/photos.app.goo.gl\/5Nq593p7vpXNTLd5A<\/a><\/p>\n","protected":false},"excerpt":{"rendered":"<p>Avui cicle inicial hem anat al Teatre Ateneu de T\u00e0rrega per veure l&#8217;obra &#8220;Ad\u00e9u, Peter Pan&#8221; de la companyia Festuc Teatre. Un espectacle de titelles i actors, on hem conegut la Maria, una nena amb molta imaginaci\u00f3, que li encanten els contes, les hist\u00f2ries i&hellip;  <a href=\"https:\/\/agora.xtec.cat\/escguillemisarn\/general\/adeu-peter-pan\/\" title=\"Read AD\u00c9U, PETER PAN!\">Llegeix m\u00e9s\u00bb<\/a><\/p>\n","protected":false},"author":13,"featured_media":0,"comment_status":"open","ping_status":"closed","sticky":false,"template":"","format":"standard","meta":{"_bbp_topic_count":0,"_bbp_reply_count":0,"_bbp_total_topic_count":0,"_bbp_total_reply_count":0,"_bbp_voice_count":0,"_bbp_anonymous_reply_count":0,"_bbp_topic_count_hidden":0,"_bbp_reply_count_hidden":0,"_bbp_forum_subforum_count":0,"footnotes":""},"categories":[71,1,4,5],"tags":[],"class_list":["post-3769","post","type-post","status-publish","format-standard","hentry","category-ci","category-general","category-portada","category-primaria"],"post_mailing_queue_ids":[],"_links":{"self":[{"href":"https:\/\/agora.xtec.cat\/escguillemisarn\/wp-json\/wp\/v2\/posts\/3769","targetHints":{"allow":["GET"]}}],"collection":[{"href":"https:\/\/agora.xtec.cat\/escguillemisarn\/wp-json\/wp\/v2\/posts"}],"about":[{"href":"https:\/\/agora.xtec.cat\/escguillemisarn\/wp-json\/wp\/v2\/types\/post"}],"author":[{"embeddable":true,"href":"https:\/\/agora.xtec.cat\/escguillemisarn\/wp-json\/wp\/v2\/users\/13"}],"replies":[{"embeddable":true,"href":"https:\/\/agora.xtec.cat\/escguillemisarn\/wp-json\/wp\/v2\/comments?post=3769"}],"version-history":[{"count":1,"href":"https:\/\/agora.xtec.cat\/escguillemisarn\/wp-json\/wp\/v2\/posts\/3769\/revisions"}],"predecessor-version":[{"id":3771,"href":"https:\/\/agora.xtec.cat\/escguillemisarn\/wp-json\/wp\/v2\/posts\/3769\/revisions\/3771"}],"wp:attachment":[{"href":"https:\/\/agora.xtec.cat\/escguillemisarn\/wp-json\/wp\/v2\/media?parent=3769"}],"wp:term":[{"taxonomy":"category","embeddable":true,"href":"https:\/\/agora.xtec.cat\/escguillemisarn\/wp-json\/wp\/v2\/categories?post=3769"},{"taxonomy":"post_tag","embeddable":true,"href":"https:\/\/agora.xtec.cat\/escguillemisarn\/wp-json\/wp\/v2\/tags?post=3769"}],"curies":[{"name":"wp","href":"https:\/\/api.w.org\/{rel}","templated":true}]}}